{"id":86926,"date":"2021-02-02T10:58:31","date_gmt":"2021-02-02T13:58:31","guid":{"rendered":"https:\/\/eldiariodesanpedro.com.ar\/sitio\/?p=86926"},"modified":"2021-02-02T10:58:35","modified_gmt":"2021-02-02T13:58:35","slug":"preocupante-enero-se-cerro-con-13-victimas-del-covid-19-en-san-pedro","status":"publish","type":"post","link":"https:\/\/eldiariodesanpedro.com.ar\/sitio\/preocupante-enero-se-cerro-con-13-victimas-del-covid-19-en-san-pedro\/","title":{"rendered":"Preocupante: Enero se cerr\u00f3 con 13 v\u00edctimas del covid 19 en San Pedro"},"content":{"rendered":"<!-- VideographyWP Plugin Message: Automatic video embedding prevented by plugin options. -->\n\n<p>El primer mes del 2021 culmin\u00f3 con una estad\u00edstica por dem\u00e1s de alarmante en cuanto a los fallecidos por cuadro de covid 19. La \u00faltima de los primeros 31 d\u00edas del a\u00f1o fue Susana S\u00e1nchez de 66 a\u00f1os.<\/p>\n\n\n\n<p>El Coronavirus no da tregua y los casos positivos se siguen sumando d\u00eda a d\u00eda en la ciudad. Los n\u00fameros y los pron\u00f3sticos son preocupantes y cada informe de la Secretar\u00eda de Salud revela una cruda realidad.<\/p>\n\n\n\n<p>Enero se cerr\u00f3 con un preocupante saldo, 13 personas fallecidas, pero lo m\u00e1s alarmante es que con el paso de los d\u00edas los n\u00fameros de v\u00edctimas fueron en aumento y con mayor continuidad remarcando que en las \u00faltimas 72 horas hubo 4 fallecidos.<\/p>\n\n\n\n<p>El \u00faltimo informe de Salud indic\u00f3 que en las \u00faltimas horas se enviaron 30 muestras al Laboratorio Central Lab; mientras tanto se cargaron 15 altas. El resumen actualizado de informaci\u00f3n oficial se\u00f1ala que en total hay 130 casos activos y 31 pendientes.<\/p>\n\n\n\n<p>Con respecto a las personas fallecidas son 73 quienes terminaron siendo v\u00edctimas del covid desde el inicio de la pandemia.<\/p>\n\n\n\n<p>Enero comenz\u00f3 con el fallecimiento de Claudio Berola de 62 a\u00f1os; el d\u00eda 7, Cruz Paz de 82 a\u00f1os; el 10 Hugo V\u00e1zquez de 88 a\u00f1os; el 15 Araceli Tom\u00e9, de 93 a\u00f1os. Al d\u00eda siguiente se produjo el deceso de Carlos Fern\u00e1ndez de 56 a\u00f1os; el 17 Arturo Barbosa de 86 a\u00f1os y el 21 Hemilce Bevilacqua, de 69 a\u00f1os. Cinco d\u00edas despu\u00e9s, el 26 &nbsp;de enero, fallecieron Carlos Tamburini de 61 a\u00f1os y Gustavo Marcelo Epelde de 49 a\u00f1os.<\/p>\n\n\n\n<p>El d\u00eda 29 de enero se produjo el deceso de Nicol\u00e1s Mastroiani de 84 a\u00f1os y Gregorio Camacho de 43 a\u00f1os; el 30, Mar\u00eda Erelida Ansaloni de 85 a\u00f1os y el \u00faltimo d\u00eda del mes se produjo el fallecimiento de Susana S\u00e1nchez de 66 a\u00f1os.<\/p>\n\n\n\n<p>Fuente: <a href=\"https:\/\/www.sanpedroinforma.com.ar\/nota\/123989\/sociedad\/preocupante-enero-se-cerro-con-13-victimas-del-covid-19-en-san-pedro.html\">San Pedro Informa<\/a><\/p>\n","protected":false},"excerpt":{"rendered":"<p>El primer mes del 2021 culmin\u00f3 con una estad\u00edstica por dem\u00e1s de alarmante en cuanto a los fallecidos por cuadro de covid 19. La \u00faltima de los primeros 31 d\u00edas del a\u00f1o fue Susana S\u00e1nchez de 66 a\u00f1os. El Coronavirus no da tregua y los casos positivos se siguen sumando d\u00eda a d\u00eda en la [&hellip;]<\/p>\n","protected":false},"author":4,"featured_media":86927,"comment_status":"open","ping_status":"closed","sticky":false,"template":"","format":"standard","meta":{"om_disable_all_campaigns":false,"_jetpack_memberships_contains_paid_content":false,"footnotes":""},"categories":[50,101,2],"tags":[],"class_list":["post-86926","post","type-post","status-publish","format-standard","has-post-thumbnail","hentry","category-destacadas","category-interes-general-locales","category-locales"],"aioseo_notices":[],"gutentor_comment":0,"jetpack_featured_media_url":"https:\/\/eldiariodesanpedro.com.ar\/sitio\/wp-content\/uploads\/2021\/02\/000089823.jpg","jetpack_shortlink":"https:\/\/wp.me\/p6RhLt-mC2","jetpack_sharing_enabled":true,"_links":{"self":[{"href":"https:\/\/eldiariodesanpedro.com.ar\/sitio\/wp-json\/wp\/v2\/posts\/86926","targetHints":{"allow":["GET"]}}],"collection":[{"href":"https:\/\/eldiariodesanpedro.com.ar\/sitio\/wp-json\/wp\/v2\/posts"}],"about":[{"href":"https:\/\/eldiariodesanpedro.com.ar\/sitio\/wp-json\/wp\/v2\/types\/post"}],"author":[{"embeddable":true,"href":"https:\/\/eldiariodesanpedro.com.ar\/sitio\/wp-json\/wp\/v2\/users\/4"}],"replies":[{"embeddable":true,"href":"https:\/\/eldiariodesanpedro.com.ar\/sitio\/wp-json\/wp\/v2\/comments?post=86926"}],"version-history":[{"count":1,"href":"https:\/\/eldiariodesanpedro.com.ar\/sitio\/wp-json\/wp\/v2\/posts\/86926\/revisions"}],"predecessor-version":[{"id":86928,"href":"https:\/\/eldiariodesanpedro.com.ar\/sitio\/wp-json\/wp\/v2\/posts\/86926\/revisions\/86928"}],"wp:featuredmedia":[{"embeddable":true,"href":"https:\/\/eldiariodesanpedro.com.ar\/sitio\/wp-json\/wp\/v2\/media\/86927"}],"wp:attachment":[{"href":"https:\/\/eldiariodesanpedro.com.ar\/sitio\/wp-json\/wp\/v2\/media?parent=86926"}],"wp:term":[{"taxonomy":"category","embeddable":true,"href":"https:\/\/eldiariodesanpedro.com.ar\/sitio\/wp-json\/wp\/v2\/categories?post=86926"},{"taxonomy":"post_tag","embeddable":true,"href":"https:\/\/eldiariodesanpedro.com.ar\/sitio\/wp-json\/wp\/v2\/tags?post=86926"}],"curies":[{"name":"wp","href":"https:\/\/api.w.org\/{rel}","templated":true}]}}