{"id":86923,"date":"2021-02-02T10:55:16","date_gmt":"2021-02-02T13:55:16","guid":{"rendered":"https:\/\/eldiariodesanpedro.com.ar\/sitio\/?p=86923"},"modified":"2021-02-02T10:55:19","modified_gmt":"2021-02-02T13:55:19","slug":"campana-otro-viaje-de-egresados-termino-con-al-menos-20-contagiados-de-covid","status":"publish","type":"post","link":"https:\/\/eldiariodesanpedro.com.ar\/sitio\/campana-otro-viaje-de-egresados-termino-con-al-menos-20-contagiados-de-covid\/","title":{"rendered":"CAMPANA | Otro viaje de egresados termin\u00f3 con al menos 20 contagiados de COVID"},"content":{"rendered":"<!-- VideographyWP Plugin Message: Automatic video embedding prevented by plugin options. -->\n\n<p>Los j\u00f3venes arribaron este domingo a la ciudad y fueron testados en el hospital. Se teme que crezcan los contagios ya que el contingente estaba compuesto por m\u00e1s de 100 personas, y solo unos 30 fueron hisopados. La secretaria de Salud cuestion\u00f3 la eficacia de los test r\u00e1pidos que se le realizan a los j\u00f3venes antes de viajar: \u201cno sirven para detectar casos leves o asintom\u00e1ticos\u201d, asegur\u00f3.<\/p>\n\n\n\n<p>Otro viaje de egresados termin\u00f3 con un brote de Coronavirus al detectarse al menos 20 j\u00f3venes positivos de COVID-19. Sin embargo, s\u00f3lo unos 30 fueron hisopados por presentar s\u00edntomas, por lo que no se descarta que esta cifra pudiera aumentar en las pr\u00f3ximas horas ya que del viaje participaron alrededor de 120 personas.<\/p>\n\n\n\n<p>Si bien no trascendieron detalles del operativo que se realiz\u00f3 en total hermetismo, los casos positivos fueron detectados en dos contingentes que arribaron este domingo a la ciudad provenientes de la ciudad de Bariloche siendo testeados en el hospital San Jos\u00e9.<\/p>\n\n\n\n<p>Ante esta situaci\u00f3n, la secretaria de Salud, Cecilia Acciardi, cuestion\u00f3 los testeos que se les realiza a los j\u00f3venes antes de viajar.<\/p>\n\n\n\n<p>\u201cTodos fueron testeados con el test r\u00e1pido y todos fueron negativos y, sin embargo, all\u00e1 estuvieron en burbuja, no se juntaron con otras personas y hubo positivos. Evidentemente, no sirve para detectar a los portadores leves o asintom\u00e1ticos. Alguno llev\u00f3 el virus y se han contagiado\u201d, asegur\u00f3.<\/p>\n\n\n\n<p>Adem\u00e1s, opin\u00f3 que, en el contexto actual de la pandemia, es un \u201cmilagro\u201d que se hayan podido realizar los viajes de egresados, pero lo valor\u00f3 \u201cporque los chicos que se egresaron tuvieron un a\u00f1o bastante complejo para el cierre de un ciclo que no es menor\u201d.<\/p>\n\n\n\n<p>Y agreg\u00f3: \u201cQue hayan podido compartir el viaje sabiendo que el COVID-19 no era un riesgo para ellos, es sumamente positivo\u201d.<\/p>\n\n\n\n<p>No obstante, Acciardi aclar\u00f3 que \u201ctodos asumieron y asumimos el riesgo que iban a infectarse, con lo cual le dijimos a los egresados que llegaban y se ten\u00edan que aislar con o sin s\u00edntomas o con o sin positivos\u201d.<\/p>\n\n\n\n<p>\u201cLos chicos lo viven como un cuadro gripal pero ello no significa que no hay que darle importancia. Todos los chicos tienen que estar bien asesorados y tiene que haber una muy buena comunicaci\u00f3n para que todas las familias adopten las medidas de aislamiento para que el virus se quede en ellos\u201d, manifest\u00f3<\/p>\n\n\n\n<p>Por \u00faltimo, se\u00f1al\u00f3 que la mayor\u00eda de los egresados no tuvieron s\u00edntomas pero al ser contactos estrechos \u201cpueden ser portadores asintom\u00e1ticos o enfermarse en los pr\u00f3ximos d\u00edas. Todos tienen que aislarse 14 d\u00edas\u201d.<\/p>\n\n\n\n<p>Fuente: <a href=\"https:\/\/www.campananoticias.com\/noticia\/65768\/otro-viaje-de-egresados-termin-con-al-menos-20-contagiados-de-covid-\">Campana Noticias<\/a><\/p>\n","protected":false},"excerpt":{"rendered":"<p>Los j\u00f3venes arribaron este domingo a la ciudad y fueron testados en el hospital. Se teme que crezcan los contagios ya que el contingente estaba compuesto por m\u00e1s de 100 personas, y solo unos 30 fueron hisopados. La secretaria de Salud cuestion\u00f3 la eficacia de los test r\u00e1pidos que se le realizan a los j\u00f3venes [&hellip;]<\/p>\n","protected":false},"author":4,"featured_media":86924,"comment_status":"open","ping_status":"closed","sticky":false,"template":"","format":"standard","meta":{"om_disable_all_campaigns":false,"_jetpack_memberships_contains_paid_content":false,"footnotes":""},"categories":[621],"tags":[],"class_list":["post-86923","post","type-post","status-publish","format-standard","has-post-thumbnail","hentry","category-regionales"],"aioseo_notices":[],"gutentor_comment":0,"jetpack_featured_media_url":"https:\/\/eldiariodesanpedro.com.ar\/sitio\/wp-content\/uploads\/2021\/02\/20210202122011.jpg","jetpack_shortlink":"https:\/\/wp.me\/p6RhLt-mBZ","jetpack_sharing_enabled":true,"_links":{"self":[{"href":"https:\/\/eldiariodesanpedro.com.ar\/sitio\/wp-json\/wp\/v2\/posts\/86923","targetHints":{"allow":["GET"]}}],"collection":[{"href":"https:\/\/eldiariodesanpedro.com.ar\/sitio\/wp-json\/wp\/v2\/posts"}],"about":[{"href":"https:\/\/eldiariodesanpedro.com.ar\/sitio\/wp-json\/wp\/v2\/types\/post"}],"author":[{"embeddable":true,"href":"https:\/\/eldiariodesanpedro.com.ar\/sitio\/wp-json\/wp\/v2\/users\/4"}],"replies":[{"embeddable":true,"href":"https:\/\/eldiariodesanpedro.com.ar\/sitio\/wp-json\/wp\/v2\/comments?post=86923"}],"version-history":[{"count":1,"href":"https:\/\/eldiariodesanpedro.com.ar\/sitio\/wp-json\/wp\/v2\/posts\/86923\/revisions"}],"predecessor-version":[{"id":86925,"href":"https:\/\/eldiariodesanpedro.com.ar\/sitio\/wp-json\/wp\/v2\/posts\/86923\/revisions\/86925"}],"wp:featuredmedia":[{"embeddable":true,"href":"https:\/\/eldiariodesanpedro.com.ar\/sitio\/wp-json\/wp\/v2\/media\/86924"}],"wp:attachment":[{"href":"https:\/\/eldiariodesanpedro.com.ar\/sitio\/wp-json\/wp\/v2\/media?parent=86923"}],"wp:term":[{"taxonomy":"category","embeddable":true,"href":"https:\/\/eldiariodesanpedro.com.ar\/sitio\/wp-json\/wp\/v2\/categories?post=86923"},{"taxonomy":"post_tag","embeddable":true,"href":"https:\/\/eldiariodesanpedro.com.ar\/sitio\/wp-json\/wp\/v2\/tags?post=86923"}],"curies":[{"name":"wp","href":"https:\/\/api.w.org\/{rel}","templated":true}]}}