{"id":86920,"date":"2021-02-02T10:52:48","date_gmt":"2021-02-02T13:52:48","guid":{"rendered":"https:\/\/eldiariodesanpedro.com.ar\/sitio\/?p=86920"},"modified":"2021-02-02T10:52:52","modified_gmt":"2021-02-02T13:52:52","slug":"la-policia-bonaerense-y-un-nuevo-reclamo-por-mejoras","status":"publish","type":"post","link":"https:\/\/eldiariodesanpedro.com.ar\/sitio\/la-policia-bonaerense-y-un-nuevo-reclamo-por-mejoras\/","title":{"rendered":"La polic\u00eda bonaerense y un nuevo reclamo por mejoras"},"content":{"rendered":"<!-- VideographyWP Plugin Message: Automatic video embedding prevented by plugin options. -->\n\n<p>Desde la Polic\u00eda Bonaerense convocaron a movilizar en distintos puntos de la Provincia para el 11 de febrero. Pedir\u00e1n mejoras salariales y laborales<\/p>\n\n\n\n<p>En septiembre del 2020, la&nbsp;<a href=\"https:\/\/infocielo.com\/provincia-a60\">provincia<\/a>&nbsp;de Buenos Aires debi\u00f3 afrontar el&nbsp;<a href=\"https:\/\/infocielo.com\/reclamo-a219\">reclamo<\/a>&nbsp;por parte de la&nbsp;<strong><a href=\"https:\/\/infocielo.com\/policia-a23246\">polic\u00eda<\/a><\/strong>&nbsp;bonaerense. En ese momento, efectivos activos y retirados junto a sus familias marcharon en diferentes puntos de la provincia para pedir una mejora salarial del 60% y una mesa de di\u00e1logo con la gobernaci\u00f3n para apuntalar su situaci\u00f3n.<\/p>\n\n\n\n<p>Ahora, se supo que los uniformados marchar\u00e1n nuevamente, en reclamo de mejoras salariales, pero lo har\u00e1n desde la Costa Argentina esperando replicarse por varios puntos Provincia. Los puntos de encuentro ser\u00e1n en Mar del Plata y Pinamar para luego expandirse por Ituzaing\u00f3, Almirante Brown, Mor\u00f3n, Merlo, Quilmes, San Miguel, Azul, Malvinas Argentinas, Pilar y Jos\u00e9 C. Paz. Tambi\u00e9n en Avellaneda, Lomas de Zamora y Tres de Febrero.<\/p>\n\n\n\n<p>Adem\u00e1s, se supo que se ir\u00e1n sumando efectivos de la polic\u00eda en distintas localidades del interior: La Plata y Berisso, Pinamar, Villa Gesell, Mar del Plata, Necochea, Jun\u00edn, Bah\u00eda Blanca, San Nicol\u00e1s, Olavarr\u00eda, Pehuaj\u00f3 y Tres Arroyos, entre otras.<\/p>\n\n\n\n<p>INFOCIELO dialog\u00f3 con Nicol\u00e1s Masi es el l\u00edder del Sindicato de la Polic\u00eda de la Provincia (SIPOBA) y uno de los m\u00e1ximos referentes de las protestas que los agentes de la fuerza provincial llevar\u00e1n adelante en distintas ciudades: \u00abEn definitiva el reclamo que haremos se ajusta a lo que se viene pidiendo desde siempre y que luego de las \u00faltimas protestas no nos cumplieron. Por empezar, en cuanto a los salarios nos dieron casi un 28% de aumento en todo el 2020 cuando la inflaci\u00f3n fue por encima de 36%. A otros gremios, salud, estatales y docentes les dieron mejores aumentos. Ac\u00e1 no se trata de entrar en conflicto con m\u00e9dicos y profesores, pero s\u00ed de nos paguen lo que creemos que nos corresponde\u00bb.<\/p>\n\n\n\n<p>Masi tambi\u00e9n realiz\u00f3 un fuerte an\u00e1lisis de cu\u00e1nto cobran los oficiales que deben defender arriesgando su vida a los y las bonaerenses: \u00abel 50% de la fuerza esta por debajo de la l\u00ednea de la pobreza. El hecho de saber eso nos hace pensar que no estamos bien pagos y que eso mismo genera un riesgo para todos, los que debemos cuidar a toda la Provincia, deber\u00edamos pensar justamente en eso, en cuidar a los ciudadanos y no en c\u00f3mo llegar a fin de mes\u00bb.<\/p>\n\n\n\n<p>Vale recoerdar que el \u00faltimo reclamo de polic\u00eda se dio en el marco de una imagen que gener\u00f3 rechazo luego de que se manifestaran en Olivos, la actual residencia del presidente Alberto Fern\u00e1ndez. Al respecto, Masi coment\u00f3: \u00abSucedi\u00f3 porque intervinieron pol\u00edticos, que ya no tienen nada que hacer desde hace mucho tiempo, en mandar patrulleros a la residencia de Olivos. Nosotros, desde mi organizaci\u00f3n y en mi caso personal, no le faltar\u00edamos nunca el respeto a la investidura presidencial. A m\u00ed, desde chiquito, me ense\u00f1aron a ser respetuoso de mi patria y pasa por respetar a la bandera, al escudo, a la escarapela y a las investiduras. En especial la del Presidente\u00bb.<\/p>\n\n\n\n<h3 class=\"wp-block-heading\">LOS PUNTOS M\u00c1S DESTACADOS DEL RECLAMO<\/h3>\n\n\n\n<ul class=\"wp-block-list\"><li>Equiparaci\u00f3n de sueldos con Fuerzas de Seguridad Nacional (Gendarmer\u00eda &#8211; Prefectura &#8211; PSA &#8211; PFA)<\/li><li>Aumento de las Horas CO.RE.S pudiendo realizar cada efectivo hasta 100 Horas mensuales, sin que seas obligatorias, sino voluntarias.<\/li><li>Preparaci\u00f3n f\u00edsica, acad\u00e9mica, y T\u00e1ctica para el personal Operativo, en cada semestre del a\u00f1o<\/li><li>La posibilidad del acceso a la vivienda digna para la totalidad del personal Policial<\/li><li>Entrega de chalecos antibalas que no se encuentren vencidos<\/li><li>Provisi\u00f3n y recambio de municiones, en forma semestral<\/li><li>La readecuaci\u00f3n de destino, ofreciendo servicios en un radio no mayor a 60 Kms de su domicilio<\/li><li>La creaci\u00f3n de por lo menos dos Hospitales Policiales<\/li><li>Evaluaci\u00f3n psicol\u00f3gica a todo el personal Policial en forma semestral, para detectar posibles casos con tendencia al Suicidio, una vez detectado alg\u00fan caso, su inmediata asistencia y tratamiento, con su correspondiente seguimiento; como as\u00ed tambi\u00e9n la contenci\u00f3n psicol\u00f3gica a cada efectivo despu\u00e9s de un enfrentamiento armado<\/li><li>El traslado de todos los detenidos alojados en Comisar\u00edas y Dependencias Policiales<\/li><li>Reformas edilicias de las Dependencias Policiales<\/li><li>Entrega de M\u00f3viles en condiciones y que sean acordes a las zonas<\/li><li>La libertad de elegir obra social \u00f3 que se mejoren las prestaciones de IOMA<\/li><\/ul>\n\n\n\n<p>Fuente: <a href=\"https:\/\/infocielo.com\/policia\/la-bonaerense-y-un-nuevo-reclamo-mejoras-n703728\">Infocielo<\/a><\/p>\n\n\n\n<p><a href=\"https:\/\/media.infocielo.com\/p\/5d8aafcbffb56748d4730f1fbeb283ac\/adjuntos\/299\/imagenes\/000\/779\/0000779978\/protesta-policialjpg.jpg\"><\/a><\/p>\n","protected":false},"excerpt":{"rendered":"<p>Desde la Polic\u00eda Bonaerense convocaron a movilizar en distintos puntos de la Provincia para el 11 de febrero. Pedir\u00e1n mejoras salariales y laborales En septiembre del 2020, la&nbsp;provincia&nbsp;de Buenos Aires debi\u00f3 afrontar el&nbsp;reclamo&nbsp;por parte de la&nbsp;polic\u00eda&nbsp;bonaerense. En ese momento, efectivos activos y retirados junto a sus familias marcharon en diferentes puntos de la provincia para [&hellip;]<\/p>\n","protected":false},"author":4,"featured_media":86921,"comment_status":"open","ping_status":"closed","sticky":false,"template":"","format":"standard","meta":{"om_disable_all_campaigns":false,"_jetpack_memberships_contains_paid_content":false,"footnotes":""},"categories":[621],"tags":[],"class_list":["post-86920","post","type-post","status-publish","format-standard","has-post-thumbnail","hentry","category-regionales"],"aioseo_notices":[],"gutentor_comment":0,"jetpack_featured_media_url":"https:\/\/eldiariodesanpedro.com.ar\/sitio\/wp-content\/uploads\/2021\/02\/protesta-policialjpg.jpg","jetpack_shortlink":"https:\/\/wp.me\/p6RhLt-mBW","jetpack_sharing_enabled":true,"_links":{"self":[{"href":"https:\/\/eldiariodesanpedro.com.ar\/sitio\/wp-json\/wp\/v2\/posts\/86920","targetHints":{"allow":["GET"]}}],"collection":[{"href":"https:\/\/eldiariodesanpedro.com.ar\/sitio\/wp-json\/wp\/v2\/posts"}],"about":[{"href":"https:\/\/eldiariodesanpedro.com.ar\/sitio\/wp-json\/wp\/v2\/types\/post"}],"author":[{"embeddable":true,"href":"https:\/\/eldiariodesanpedro.com.ar\/sitio\/wp-json\/wp\/v2\/users\/4"}],"replies":[{"embeddable":true,"href":"https:\/\/eldiariodesanpedro.com.ar\/sitio\/wp-json\/wp\/v2\/comments?post=86920"}],"version-history":[{"count":1,"href":"https:\/\/eldiariodesanpedro.com.ar\/sitio\/wp-json\/wp\/v2\/posts\/86920\/revisions"}],"predecessor-version":[{"id":86922,"href":"https:\/\/eldiariodesanpedro.com.ar\/sitio\/wp-json\/wp\/v2\/posts\/86920\/revisions\/86922"}],"wp:featuredmedia":[{"embeddable":true,"href":"https:\/\/eldiariodesanpedro.com.ar\/sitio\/wp-json\/wp\/v2\/media\/86921"}],"wp:attachment":[{"href":"https:\/\/eldiariodesanpedro.com.ar\/sitio\/wp-json\/wp\/v2\/media?parent=86920"}],"wp:term":[{"taxonomy":"category","embeddable":true,"href":"https:\/\/eldiariodesanpedro.com.ar\/sitio\/wp-json\/wp\/v2\/categories?post=86920"},{"taxonomy":"post_tag","embeddable":true,"href":"https:\/\/eldiariodesanpedro.com.ar\/sitio\/wp-json\/wp\/v2\/tags?post=86920"}],"curies":[{"name":"wp","href":"https:\/\/api.w.org\/{rel}","templated":true}]}}