{"id":86918,"date":"2021-02-02T10:47:17","date_gmt":"2021-02-02T13:47:17","guid":{"rendered":"https:\/\/eldiariodesanpedro.com.ar\/sitio\/?p=86918"},"modified":"2021-02-02T10:47:21","modified_gmt":"2021-02-02T13:47:21","slug":"ramallo-hombre-de-56-anos-organizo-fiesta-clandestina-dos-dias-seguidos","status":"publish","type":"post","link":"https:\/\/eldiariodesanpedro.com.ar\/sitio\/ramallo-hombre-de-56-anos-organizo-fiesta-clandestina-dos-dias-seguidos\/","title":{"rendered":"RAMALLO | Hombre de 56 a\u00f1os organizo fiesta clandestina dos d\u00edas seguidos"},"content":{"rendered":"<!-- VideographyWP Plugin Message: Automatic video embedding prevented by plugin options. -->\n\n<p>Un hombre de 56 a\u00f1os fue identificado como el responsable de organizar dos fiestas clandestinas tanto el viernes como el s\u00e1bado en una vivienda de la calle C\u00f3rdoba. <\/p>\n\n\n\n<p>El d\u00eda viernes, la polic\u00eda acudi\u00f3 a las 3 de la madrugada tras recibir llamados de vecinos indicando que se estaba llevando a cabo una reuni\u00f3n no permitida. Personal policial inform\u00f3 que en el lugar hab\u00eda aproximadamente 50 personas, las que se retiraron pac\u00edficamente al arribar los uniformados. <\/p>\n\n\n\n<p>En tanto el s\u00e1bado, en el mismo domicilio se encontraban cerca de 40 personas y a las 5 de la madrugada, tambi\u00e9n producto de llamados telef\u00f3nicos de los vecinos, la polic\u00eda lleg\u00f3 al lugar. Al igual que el d\u00eda anterior, los participantes dejaron la fiesta pac\u00edficamente.<\/p>\n","protected":false},"excerpt":{"rendered":"<p>Un hombre de 56 a\u00f1os fue identificado como el responsable de organizar dos fiestas clandestinas tanto el viernes como el s\u00e1bado en una vivienda de la calle C\u00f3rdoba. El d\u00eda viernes, la polic\u00eda acudi\u00f3 a las 3 de la madrugada tras recibir llamados de vecinos indicando que se estaba llevando a cabo una reuni\u00f3n no [&hellip;]<\/p>\n","protected":false},"author":4,"featured_media":86492,"comment_status":"open","ping_status":"closed","sticky":false,"template":"","format":"standard","meta":{"om_disable_all_campaigns":false,"_jetpack_memberships_contains_paid_content":false,"footnotes":""},"categories":[621],"tags":[],"class_list":["post-86918","post","type-post","status-publish","format-standard","has-post-thumbnail","hentry","category-regionales"],"aioseo_notices":[],"gutentor_comment":0,"jetpack_featured_media_url":"https:\/\/eldiariodesanpedro.com.ar\/sitio\/wp-content\/uploads\/2021\/01\/fiesta_8_1606659046.jpg","jetpack_shortlink":"https:\/\/wp.me\/p6RhLt-mBU","jetpack_sharing_enabled":true,"_links":{"self":[{"href":"https:\/\/eldiariodesanpedro.com.ar\/sitio\/wp-json\/wp\/v2\/posts\/86918","targetHints":{"allow":["GET"]}}],"collection":[{"href":"https:\/\/eldiariodesanpedro.com.ar\/sitio\/wp-json\/wp\/v2\/posts"}],"about":[{"href":"https:\/\/eldiariodesanpedro.com.ar\/sitio\/wp-json\/wp\/v2\/types\/post"}],"author":[{"embeddable":true,"href":"https:\/\/eldiariodesanpedro.com.ar\/sitio\/wp-json\/wp\/v2\/users\/4"}],"replies":[{"embeddable":true,"href":"https:\/\/eldiariodesanpedro.com.ar\/sitio\/wp-json\/wp\/v2\/comments?post=86918"}],"version-history":[{"count":1,"href":"https:\/\/eldiariodesanpedro.com.ar\/sitio\/wp-json\/wp\/v2\/posts\/86918\/revisions"}],"predecessor-version":[{"id":86919,"href":"https:\/\/eldiariodesanpedro.com.ar\/sitio\/wp-json\/wp\/v2\/posts\/86918\/revisions\/86919"}],"wp:featuredmedia":[{"embeddable":true,"href":"https:\/\/eldiariodesanpedro.com.ar\/sitio\/wp-json\/wp\/v2\/media\/86492"}],"wp:attachment":[{"href":"https:\/\/eldiariodesanpedro.com.ar\/sitio\/wp-json\/wp\/v2\/media?parent=86918"}],"wp:term":[{"taxonomy":"category","embeddable":true,"href":"https:\/\/eldiariodesanpedro.com.ar\/sitio\/wp-json\/wp\/v2\/categories?post=86918"},{"taxonomy":"post_tag","embeddable":true,"href":"https:\/\/eldiariodesanpedro.com.ar\/sitio\/wp-json\/wp\/v2\/tags?post=86918"}],"curies":[{"name":"wp","href":"https:\/\/api.w.org\/{rel}","templated":true}]}}