{"id":86915,"date":"2021-02-02T10:44:51","date_gmt":"2021-02-02T13:44:51","guid":{"rendered":"https:\/\/eldiariodesanpedro.com.ar\/sitio\/?p=86915"},"modified":"2021-02-02T10:44:55","modified_gmt":"2021-02-02T13:44:55","slug":"hoy-2-de-febrero-se-celebra-el-dia-mundial-de-los-humedales","status":"publish","type":"post","link":"https:\/\/eldiariodesanpedro.com.ar\/sitio\/hoy-2-de-febrero-se-celebra-el-dia-mundial-de-los-humedales\/","title":{"rendered":"Hoy 2 de febrero se celebra el D\u00eda Mundial de los Humedales"},"content":{"rendered":"<!-- VideographyWP Plugin Message: Automatic video embedding prevented by plugin options. -->\n\n<p>Con motivo de esta jornada, la organizaci\u00f3n Vecinos del Humedal en conjunto con otras entidades de protecci\u00f3n medioambiental compartieron un escrito en busca de concientizar a la poblaci\u00f3n respecto a la importancia de las l\u00edneas de ribera y la aprobaci\u00f3n de una ley que proteja estos espacios naturales, considerados fundamentales para la salud del planeta y la humanidad.<\/p>\n\n\n\n<p>En el D\u00eda Mundial de los Humedales un colectivo de organizaciones medioambientales que trabaja en favor de la protecci\u00f3n del Delta del Paran\u00e1 bonaerense resalt\u00f3, a trav\u00e9s de un escrito compartido con la comunidad, la importancia de preservar a aquellos espacios denominados como \u201cl\u00edneas de ribera\u201d, planteados como un instrumento fundamental en contra del avance sobre estos espacios naturales, tanto por emprendimientos llevados a cabo por el sector privados como por el mismo Estado.<\/p>\n\n\n\n<p>Seg\u00fan lo explicado por estos organismos, nucleados bajo el nombre \u201cHumedales en Red\u201d, las l\u00edneas de ribera, tal como est\u00e1n establecidas en el C\u00f3digo Civil y Comercial de la Naci\u00f3n, son fronteras invisibles determinadas para se\u00f1alar hasta d\u00f3nde llega un cuerpo de agua y por lo tanto constituyen un l\u00edmite fundamental para determinar qu\u00e9 territorio deber ser considerado de dominio p\u00fablico y, por lo tanto, d\u00f3nde comienza aqu\u00e9l de gesti\u00f3n privada.<\/p>\n\n\n\n<p>La ignorancia respecto a estos temas por una gran parte de la poblaci\u00f3n da lugar, seg\u00fan argumentan desde el grupo, constituye una excusa para todo tipo de abusos e invasiones por parte de emprendimientos, tanto p\u00fablicos como privados, en aquellas zonas donde no corresponde, lo cual acaba afectando la estabilidad de estos ecosistemas. Ejemplos de esto son el avance de barrios privados, puertos de embarque y clubes n\u00e1uticos.<\/p>\n\n\n\n<p>Uno de los detalles que muchos vecinos no conocen, a saber, es que las l\u00edneas de ribera no se ubican necesariamente sobre la orilla del cuerpo de agua, sino que se suelen extender varios metros tierra adentro, en busca de proteger territorios como planicies o valles de inundaci\u00f3n. Al no considerar este detalle, se producen todo tipo de usurpaciones que acaban afectando seriamente al humedal.<\/p>\n\n\n\n<p>Frente a este tipo de abusos por parte del sector privado, en conjunto con la inacci\u00f3n por parte del Estado, las organizaciones volvieron a recalcar la importancia, en el marco del Dia Mundial de los Humedales, de reflexionar sobre la importancia de preservar estos espacios, en conjunto con la correcta sanci\u00f3n y reglamentaci\u00f3n de una ley que los proteja a lo largo y ancho del pa\u00eds, iniciativa actualmente excluida de la agenda de pol\u00edticas p\u00fablicas por parte del Gobierno Nacional.<\/p>\n\n\n\n<p><\/p>\n","protected":false},"excerpt":{"rendered":"<p>Con motivo de esta jornada, la organizaci\u00f3n Vecinos del Humedal en conjunto con otras entidades de protecci\u00f3n medioambiental compartieron un escrito en busca de concientizar a la poblaci\u00f3n respecto a la importancia de las l\u00edneas de ribera y la aprobaci\u00f3n de una ley que proteja estos espacios naturales, considerados fundamentales para la salud del planeta [&hellip;]<\/p>\n","protected":false},"author":4,"featured_media":86916,"comment_status":"open","ping_status":"closed","sticky":false,"template":"","format":"standard","meta":{"om_disable_all_campaigns":false,"_jetpack_memberships_contains_paid_content":false,"footnotes":""},"categories":[101,2],"tags":[],"class_list":["post-86915","post","type-post","status-publish","format-standard","has-post-thumbnail","hentry","category-interes-general-locales","category-locales"],"aioseo_notices":[],"gutentor_comment":0,"jetpack_featured_media_url":"https:\/\/eldiariodesanpedro.com.ar\/sitio\/wp-content\/uploads\/2021\/02\/20210131035649.jpg","jetpack_shortlink":"https:\/\/wp.me\/p6RhLt-mBR","jetpack_sharing_enabled":true,"_links":{"self":[{"href":"https:\/\/eldiariodesanpedro.com.ar\/sitio\/wp-json\/wp\/v2\/posts\/86915","targetHints":{"allow":["GET"]}}],"collection":[{"href":"https:\/\/eldiariodesanpedro.com.ar\/sitio\/wp-json\/wp\/v2\/posts"}],"about":[{"href":"https:\/\/eldiariodesanpedro.com.ar\/sitio\/wp-json\/wp\/v2\/types\/post"}],"author":[{"embeddable":true,"href":"https:\/\/eldiariodesanpedro.com.ar\/sitio\/wp-json\/wp\/v2\/users\/4"}],"replies":[{"embeddable":true,"href":"https:\/\/eldiariodesanpedro.com.ar\/sitio\/wp-json\/wp\/v2\/comments?post=86915"}],"version-history":[{"count":1,"href":"https:\/\/eldiariodesanpedro.com.ar\/sitio\/wp-json\/wp\/v2\/posts\/86915\/revisions"}],"predecessor-version":[{"id":86917,"href":"https:\/\/eldiariodesanpedro.com.ar\/sitio\/wp-json\/wp\/v2\/posts\/86915\/revisions\/86917"}],"wp:featuredmedia":[{"embeddable":true,"href":"https:\/\/eldiariodesanpedro.com.ar\/sitio\/wp-json\/wp\/v2\/media\/86916"}],"wp:attachment":[{"href":"https:\/\/eldiariodesanpedro.com.ar\/sitio\/wp-json\/wp\/v2\/media?parent=86915"}],"wp:term":[{"taxonomy":"category","embeddable":true,"href":"https:\/\/eldiariodesanpedro.com.ar\/sitio\/wp-json\/wp\/v2\/categories?post=86915"},{"taxonomy":"post_tag","embeddable":true,"href":"https:\/\/eldiariodesanpedro.com.ar\/sitio\/wp-json\/wp\/v2\/tags?post=86915"}],"curies":[{"name":"wp","href":"https:\/\/api.w.org\/{rel}","templated":true}]}}