{"id":86910,"date":"2021-02-02T10:36:26","date_gmt":"2021-02-02T13:36:26","guid":{"rendered":"https:\/\/eldiariodesanpedro.com.ar\/sitio\/?p=86910"},"modified":"2021-02-02T10:36:30","modified_gmt":"2021-02-02T13:36:30","slug":"clases-presenciales-en-nacion-quieren-que-sean-tres-dias-a-la-semana-pero-la-provincia-habla-de-dos","status":"publish","type":"post","link":"https:\/\/eldiariodesanpedro.com.ar\/sitio\/clases-presenciales-en-nacion-quieren-que-sean-tres-dias-a-la-semana-pero-la-provincia-habla-de-dos\/","title":{"rendered":"Clases presenciales: en Naci\u00f3n quieren que sean tres d\u00edas a la semana, pero la Provincia habla de dos"},"content":{"rendered":"<!-- VideographyWP Plugin Message: Automatic video embedding prevented by plugin options. -->\n\n<p>El ministro de Educaci\u00f3n de la Naci\u00f3n, Nicol\u00e1s Trotta, asegur\u00f3 hoy que desde su cartera esperan que en el inicio del ciclo lectivo 2021 \u201ctres d\u00edas a la semana cada estudiante tenga clases en las escuelas\u201d, un d\u00eda menos que los previstos inicialmente por la provincia de Buenos Aires.<\/p>\n\n\n\n<p>En medio de la pol\u00e9mica por la vuelta a la presencialidad, que por ahora tiene epicentro en la Ciudad de Buenos Aires por la intenci\u00f3n del Gobierno porte\u00f1o de comenzar el 17 de febrero, Trotta insisti\u00f3 en que Naci\u00f3n avala la presencialidad en las aulas, y reiter\u00f3 que buscan que sea un proceso \u201cescalonado\u201d.<\/p>\n\n\n\n<p>En ese marco, el funcionario expres\u00f3 que espera que la presencialidad se garantice \u201ctres d\u00edas a la semana\u201d, una expectativa que difiere con los primeros planes del Gobierno bonaerense, que prev\u00e9 un esquema mixto que contempla la presencialidad dos d\u00edas por semana y un seguimiento virtual el resto de las jornadas.<\/p>\n\n\n\n<p>En el Gobierno prev\u00e9n un comienzo de clases el 17 de febrero para aquellos estudiantes que presentaron dificultades durante el a\u00f1o pasado, y el 1\u00b0 de marzo para el resto del sistema educativo.<\/p>\n\n\n\n<p>Adem\u00e1s, el denominado \u201cPlan Jurisdiccional para el Regreso Seguro a Clases Presenciales\u201d contempla una serie de pautas organizadas a trav\u00e9s de ocho protocolos de infraestructura edilicia; limpieza y desinfecci\u00f3n para establecimientos educativos; actuaci\u00f3n ante casos Covid-19; funcionamiento de bibliotecas escolares y uso de&nbsp; transporte escolar, entre otros.<\/p>\n\n\n\n<p>Entre las pautas se encuentran el uso obligatorio de tapabocas para estudiantes, docentes y auxiliares; la distancia de al menos de 1,5 metros entre estudiantes y dos metros del docente y en espacios comunes, la higiene frecuente de manos, el control de temperatura al ingreso del establecimiento, la ventilaci\u00f3n de los ambientes y el mantenimiento de las puertas y ventanas siempre abiertas.\u00a0<\/p>\n\n\n\n<p>Fuente: <a href=\"https:\/\/dib.com.ar\/\">DIB<\/a><\/p>\n","protected":false},"excerpt":{"rendered":"<p>El ministro de Educaci\u00f3n de la Naci\u00f3n, Nicol\u00e1s Trotta, asegur\u00f3 hoy que desde su cartera esperan que en el inicio del ciclo lectivo 2021 \u201ctres d\u00edas a la semana cada estudiante tenga clases en las escuelas\u201d, un d\u00eda menos que los previstos inicialmente por la provincia de Buenos Aires. En medio de la pol\u00e9mica por [&hellip;]<\/p>\n","protected":false},"author":4,"featured_media":86911,"comment_status":"open","ping_status":"closed","sticky":false,"template":"","format":"standard","meta":{"om_disable_all_campaigns":false,"_jetpack_memberships_contains_paid_content":false,"footnotes":""},"categories":[621],"tags":[],"class_list":["post-86910","post","type-post","status-publish","format-standard","has-post-thumbnail","hentry","category-regionales"],"aioseo_notices":[],"gutentor_comment":0,"jetpack_featured_media_url":"https:\/\/eldiariodesanpedro.com.ar\/sitio\/wp-content\/uploads\/2021\/02\/GO10P5F1_21185.jpg","jetpack_shortlink":"https:\/\/wp.me\/p6RhLt-mBM","jetpack_sharing_enabled":true,"_links":{"self":[{"href":"https:\/\/eldiariodesanpedro.com.ar\/sitio\/wp-json\/wp\/v2\/posts\/86910","targetHints":{"allow":["GET"]}}],"collection":[{"href":"https:\/\/eldiariodesanpedro.com.ar\/sitio\/wp-json\/wp\/v2\/posts"}],"about":[{"href":"https:\/\/eldiariodesanpedro.com.ar\/sitio\/wp-json\/wp\/v2\/types\/post"}],"author":[{"embeddable":true,"href":"https:\/\/eldiariodesanpedro.com.ar\/sitio\/wp-json\/wp\/v2\/users\/4"}],"replies":[{"embeddable":true,"href":"https:\/\/eldiariodesanpedro.com.ar\/sitio\/wp-json\/wp\/v2\/comments?post=86910"}],"version-history":[{"count":1,"href":"https:\/\/eldiariodesanpedro.com.ar\/sitio\/wp-json\/wp\/v2\/posts\/86910\/revisions"}],"predecessor-version":[{"id":86912,"href":"https:\/\/eldiariodesanpedro.com.ar\/sitio\/wp-json\/wp\/v2\/posts\/86910\/revisions\/86912"}],"wp:featuredmedia":[{"embeddable":true,"href":"https:\/\/eldiariodesanpedro.com.ar\/sitio\/wp-json\/wp\/v2\/media\/86911"}],"wp:attachment":[{"href":"https:\/\/eldiariodesanpedro.com.ar\/sitio\/wp-json\/wp\/v2\/media?parent=86910"}],"wp:term":[{"taxonomy":"category","embeddable":true,"href":"https:\/\/eldiariodesanpedro.com.ar\/sitio\/wp-json\/wp\/v2\/categories?post=86910"},{"taxonomy":"post_tag","embeddable":true,"href":"https:\/\/eldiariodesanpedro.com.ar\/sitio\/wp-json\/wp\/v2\/tags?post=86910"}],"curies":[{"name":"wp","href":"https:\/\/api.w.org\/{rel}","templated":true}]}}