{"id":8691,"date":"2016-10-10T19:01:43","date_gmt":"2016-10-10T22:01:43","guid":{"rendered":"https:\/\/eldiariodesanpedro.com.ar\/sitio\/?p=8691"},"modified":"2016-10-10T19:01:43","modified_gmt":"2016-10-10T22:01:43","slug":"un-auto-impacto-con-un-caballo-en-11-de-septiembre-y-bozzano","status":"publish","type":"post","link":"https:\/\/eldiariodesanpedro.com.ar\/sitio\/un-auto-impacto-con-un-caballo-en-11-de-septiembre-y-bozzano\/","title":{"rendered":"Un auto impact\u00f3 con un caballo en 11 de Septiembre y Bozzano"},"content":{"rendered":"<p><!-- VideographyWP Plugin Message: Automatic video embedding prevented by plugin options. --><br \/>\nOcurri\u00f3 en la ma\u00f1ana del s\u00e1bado. En el autom\u00f3vil Vw Gol color blanco que protagoniz\u00f3 el hecho se dirig\u00edan dos mujeres mayores de edad que no fueron derivadas a la guardia por el Servicio de Emergencia puesto que las lesiones que sufrieron fueron de car\u00e1cter leve.<br \/>\nSeg\u00fan los datos que se pudieron relevar en el lugar del incidente, dos equinos eran perseguidos por unos ni\u00f1os por calle Bozzano, y al llegar a la avenida el auto no logr\u00f3 a frenar a tiempo e impact\u00f3 a uno de ello.<br \/>\nA pesar del accidente, el animal permaneci\u00f3 de pie a pocos metros de donde ocurri\u00f3 el hecho y luego fue llevado al Corral\u00f3n Municipal por personal de la Direcci\u00f3n de Tr\u00e1nsito y Nocturnidad.<\/p>\n<p>Dos motos chocaron el s\u00e1bado por la ma\u00f1ana<\/p>\n<p>Otro accidente se produjo tambi\u00e9n el s\u00e1bado, cerca del mediod\u00eda. Dos motos colisionaron en la esquina de Obligado y Thorne. Por causas que se tratan de establecer, los conductores de ambos rodados no alcanzaron a frenar e impactaron fuertemente.<br \/>\nUna ambulancia del Servicio de Emergencias 107 deriv\u00f3 a una mujer y a un joven, los motociclistas protagonistas del incidente de tr\u00e1nsito.<\/p>\n","protected":false},"excerpt":{"rendered":"<p>Ocurri\u00f3 en la ma\u00f1ana del s\u00e1bado. En el autom\u00f3vil Vw Gol color blanco que protagoniz\u00f3 el hecho se dirig\u00edan dos mujeres mayores de edad que no fueron derivadas a la guardia por el Servicio de Emergencia puesto que las lesiones que sufrieron fueron de car\u00e1cter leve. Seg\u00fan los datos que se pudieron relevar en el [&hellip;]<\/p>\n","protected":false},"author":4,"featured_media":8692,"comment_status":"open","ping_status":"closed","sticky":false,"template":"","format":"standard","meta":{"om_disable_all_campaigns":false,"_jetpack_memberships_contains_paid_content":false,"footnotes":""},"categories":[50,2,103],"tags":[],"class_list":["post-8691","post","type-post","status-publish","format-standard","has-post-thumbnail","hentry","category-destacadas","category-locales","category-policiales-locales"],"aioseo_notices":[],"gutentor_comment":0,"jetpack_featured_media_url":"https:\/\/eldiariodesanpedro.com.ar\/sitio\/wp-content\/uploads\/2016\/10\/PAGINA-4-01.jpg","jetpack_shortlink":"https:\/\/wp.me\/p6RhLt-2gb","jetpack_sharing_enabled":true,"_links":{"self":[{"href":"https:\/\/eldiariodesanpedro.com.ar\/sitio\/wp-json\/wp\/v2\/posts\/8691","targetHints":{"allow":["GET"]}}],"collection":[{"href":"https:\/\/eldiariodesanpedro.com.ar\/sitio\/wp-json\/wp\/v2\/posts"}],"about":[{"href":"https:\/\/eldiariodesanpedro.com.ar\/sitio\/wp-json\/wp\/v2\/types\/post"}],"author":[{"embeddable":true,"href":"https:\/\/eldiariodesanpedro.com.ar\/sitio\/wp-json\/wp\/v2\/users\/4"}],"replies":[{"embeddable":true,"href":"https:\/\/eldiariodesanpedro.com.ar\/sitio\/wp-json\/wp\/v2\/comments?post=8691"}],"version-history":[{"count":1,"href":"https:\/\/eldiariodesanpedro.com.ar\/sitio\/wp-json\/wp\/v2\/posts\/8691\/revisions"}],"predecessor-version":[{"id":8693,"href":"https:\/\/eldiariodesanpedro.com.ar\/sitio\/wp-json\/wp\/v2\/posts\/8691\/revisions\/8693"}],"wp:featuredmedia":[{"embeddable":true,"href":"https:\/\/eldiariodesanpedro.com.ar\/sitio\/wp-json\/wp\/v2\/media\/8692"}],"wp:attachment":[{"href":"https:\/\/eldiariodesanpedro.com.ar\/sitio\/wp-json\/wp\/v2\/media?parent=8691"}],"wp:term":[{"taxonomy":"category","embeddable":true,"href":"https:\/\/eldiariodesanpedro.com.ar\/sitio\/wp-json\/wp\/v2\/categories?post=8691"},{"taxonomy":"post_tag","embeddable":true,"href":"https:\/\/eldiariodesanpedro.com.ar\/sitio\/wp-json\/wp\/v2\/tags?post=8691"}],"curies":[{"name":"wp","href":"https:\/\/api.w.org\/{rel}","templated":true}]}}