{"id":86906,"date":"2021-02-02T10:34:14","date_gmt":"2021-02-02T13:34:14","guid":{"rendered":"https:\/\/eldiariodesanpedro.com.ar\/sitio\/?p=86906"},"modified":"2021-02-02T10:34:18","modified_gmt":"2021-02-02T13:34:18","slug":"fernando-nouet-estuvo-en-un-encuentro-del-socialismo","status":"publish","type":"post","link":"https:\/\/eldiariodesanpedro.com.ar\/sitio\/fernando-nouet-estuvo-en-un-encuentro-del-socialismo\/","title":{"rendered":"Fernando Nouet estuvo en un encuentro del socialismo"},"content":{"rendered":"<!-- VideographyWP Plugin Message: Automatic video embedding prevented by plugin options. -->\n\n<p>Se realiz\u00f3 una importante reuni\u00f3n de referentes del Partido Socialista de todo el pa\u00eds. Coincidieron en avanzar en una alternativa progresista, federal y participativa \u00abpor fuera de la confrontaci\u00f3n\u00bb, que d\u00e9 respuesta concreta a los problemas reales de la sociedad.<\/p>\n\n\n\n<p>En el marco del proceso de renovaci\u00f3n de autoridades partidarias a nivel nacional, m\u00e1s de 600 dirigentes y militantes del Partido Socialista (PS) de todo el pa\u00eds participaron este viernes de manera presencial y virtual del Primer Encuentro Federal \u201cSocialismo construyendo futuro, hacia nuevos tiempos\u201d, que tuvo como principal oradora a la exintendenta de Rosario M\u00f3nica Fein.<\/p>\n\n\n\n<p>\u201cQueremos un socialismo que sea la llave para un futuro de igualdad y libertad en Argentina\u201d, sostuvo la actual secretaria general del partido, quien agreg\u00f3: \u201cQueremos un socialismo que le diga a la sociedad con una voz aut\u00f3noma c\u00f3mo ir hacia un lugar mejor, con m\u00e1s derechos. No queremos ser furg\u00f3n de los proyectos que hoy plantean la confrontaci\u00f3n, sino militantes comprometidos con la causa de nuestra Patria y convocar cada ciudadana y ciudadano a transformar la realidad desde el progresismo y la izquierda democr\u00e1tica\u201d.<\/p>\n\n\n\n<p>Entre los presentes en el encuentro realizado en el hotel Savoy de Buenos Aires, se destacaron el presidente de la C\u00e1mara de Diputados de Santa Fe, Miguel Lifschitz; el diputado nacional Enrique Est\u00e9vez; los diputados nacionales mandato cumplido Mar\u00eda Elena Barbagelata y Juan Carlos Zabalza; el rector de la Universidad Nacional de Mar del Plata, Alfredo Lazzeretti; el Diputado provincial mandato cumplido Ricardo Vago, los intendentes de Cosqu\u00edn (C\u00f3rdoba), Gabriel Musso, y de Yala (Jujuy), Santiago Tiz\u00f3n; legisladores provinciales de varias provincias, concejalas y concejales, y dirigentes de todo el pa\u00eds. Por la ciudad de San Pedro, participaron Omar Pucurull y Fernando Nouet<\/p>\n\n\n\n<p>Fein inici\u00f3 su alocuci\u00f3n con un sentido reconocimiento de parte de las y los socialistas \u201ca las familias que perdieron seres queridos en la pandemia, a los equipos de salud, a los miles de argentinos y argentinas que est\u00e1n en emergencia social y econ\u00f3mica, a los militantes de comedores comunitarios, y en especial a las mujeres que cuidaron a enfermos, ancianos e infancias, visibilizando la lucha contra la violencia de g\u00e9nero y para decidir sobre su propia vida logrando el derecho hist\u00f3rico a la interrupci\u00f3n voluntaria del embarazo\u201d.<\/p>\n\n\n\n<p>La exintendenta de Rosario afirm\u00f3 que \u201cel socialismo forma parte de cada una de las luchas de nuestro pueblo para garantizar sus derechos. Participamos de la lucha del feminismo, la diversidad, contra el cambio clim\u00e1tico, por los derechos humanos, de los trabajadores y trabajadoras. Somos la izquierda democr\u00e1tica y sabemos ad\u00f3nde queremos ir. La democracia es un valor que debemos defender. Sabemos que tenemos que convocar a todos y a todas a cambiar esta realidad. La participaci\u00f3n de cada ciudadano y ciudadana es la que determina la construcci\u00f3n y el cambio de la realidad\u201d, asegur\u00f3.<\/p>\n\n\n\n<p>En este sentido, Fein se\u00f1al\u00f3: \u201cLa realidad nos impone el desaf\u00edo de definir un rumbo claro. Proponemos trazar un rumbo nacional que se nutra de cada experiencia, cada territorio, y tenga claro hacia donde quiere llevar el barco de nuestro Partido Socialista\u201d.<\/p>\n\n\n\n<p>La dirigente apunt\u00f3 que la democracia argentina ha avanzado en materia de memoria, verdad y justicia, \u201cpero son muchos los fracasos, las crisis, el antagonismo y much\u00edsima m\u00e1s pobreza, sobre todo en las infancias. No es la confrontaci\u00f3n el camino. Ha demostrado que ganan los que m\u00e1s tienen y pierde la mayor\u00eda\u201d, enfatiz\u00f3.<\/p>\n\n\n\n<p>Fein destac\u00f3 las experiencias de gesti\u00f3n en la ciudad de Rosario y la provincia de Santa Fe, cuyas pol\u00edticas de salud, educaci\u00f3n, descentralizaci\u00f3n, participaci\u00f3n, \u201cdemuestran que las sociedades no est\u00e1n condenadas al fracaso, que hay otro camino\u201d, y remarc\u00f3: \u201cEn 30 a\u00f1os de planificaci\u00f3n urbana en Rosario, nunca vendimos un m2 de tierra p\u00fablica a desarrolladores privados\u201d.<\/p>\n\n\n\n<p>M\u00e1s adelante reconoci\u00f3 que con las experiencias locales no alcanza y es necesario construir un camino nacional. \u201cNo queremos ser furg\u00f3n de los proyectos que hoy plantean la confrontaci\u00f3n. Queremos una alternativa progresista, de izquierda democr\u00e1tica. Queremos un Partido Socialista que le diga a la sociedad con una voz aut\u00f3noma c\u00f3mo ir hacia un lugar de m\u00e1s igualdad, m\u00e1s libertad y m\u00e1s derechos. No queremos ser soldados de nadie, sino militantes comprometidos con la causa de nuestra Patria y convocar a las ciudadanas y ciudadanos transformar la realidad\u201d, sostuvo.<\/p>\n\n\n\n<p>Para finalizar, Fein asever\u00f3 que \u201cla lucha no es por un partido o por una elecci\u00f3n; es por nuestra Patria y por los hombres y mujeres que en 200 a\u00f1os de independencia dejaron la vida luchando por los ideales de justicia e igualdad por los que hoy nosotros estamos aqu\u00ed. Convocamos a la unidad en la diversidad, a abrazar la pol\u00edtica y defender lo p\u00fablico. Cuando alzamos una bandera con el pu\u00f1o y la rosa portamos una gran responsabilidad. Nos sentimos herederos de Palacios, de Juan B. Justo, de Alicia Moreau, de Bravo, de Est\u00e9vez Boero, de Binner\u201d, finaliz\u00f3.<\/p>\n\n\n\n<figure class=\"wp-block-image size-large\"><img decoding=\"async\" width=\"1024\" height=\"683\" data-attachment-id=\"86908\" data-permalink=\"https:\/\/eldiariodesanpedro.com.ar\/sitio\/fernando-nouet-estuvo-en-un-encuentro-del-socialismo\/whatsapp-image-2021-01-30-at-18-58-30\/\" data-orig-file=\"https:\/\/eldiariodesanpedro.com.ar\/sitio\/wp-content\/uploads\/2021\/02\/WhatsApp-Image-2021-01-30-at-18.58.30.jpeg\" data-orig-size=\"1280,854\" data-comments-opened=\"1\" data-image-meta=\"{&quot;aperture&quot;:&quot;0&quot;,&quot;credit&quot;:&quot;&quot;,&quot;camera&quot;:&quot;&quot;,&quot;caption&quot;:&quot;&quot;,&quot;created_timestamp&quot;:&quot;0&quot;,&quot;copyright&quot;:&quot;&quot;,&quot;focal_length&quot;:&quot;0&quot;,&quot;iso&quot;:&quot;0&quot;,&quot;shutter_speed&quot;:&quot;0&quot;,&quot;title&quot;:&quot;&quot;,&quot;orientation&quot;:&quot;0&quot;}\" data-image-title=\"WhatsApp Image 2021-01-30 at 18.58.30\" data-image-description=\"\" data-image-caption=\"\" data-large-file=\"https:\/\/eldiariodesanpedro.com.ar\/sitio\/wp-content\/uploads\/2021\/02\/WhatsApp-Image-2021-01-30-at-18.58.30-1024x683.jpeg\" data-src=\"https:\/\/eldiariodesanpedro.com.ar\/sitio\/wp-content\/uploads\/2021\/02\/WhatsApp-Image-2021-01-30-at-18.58.30-1024x683.jpeg\" alt=\"\" class=\"wp-image-86908 lazyload\" data-srcset=\"https:\/\/eldiariodesanpedro.com.ar\/sitio\/wp-content\/uploads\/2021\/02\/WhatsApp-Image-2021-01-30-at-18.58.30-1024x683.jpeg 1024w, https:\/\/eldiariodesanpedro.com.ar\/sitio\/wp-content\/uploads\/2021\/02\/WhatsApp-Image-2021-01-30-at-18.58.30-300x200.jpeg 300w, https:\/\/eldiariodesanpedro.com.ar\/sitio\/wp-content\/uploads\/2021\/02\/WhatsApp-Image-2021-01-30-at-18.58.30-768x512.jpeg 768w, https:\/\/eldiariodesanpedro.com.ar\/sitio\/wp-content\/uploads\/2021\/02\/WhatsApp-Image-2021-01-30-at-18.58.30.jpeg 1280w\" data-sizes=\"(max-width: 1024px) 100vw, 1024px\" src=\"data:image\/svg+xml;base64,PHN2ZyB3aWR0aD0iMSIgaGVpZ2h0PSIxIiB4bWxucz0iaHR0cDovL3d3dy53My5vcmcvMjAwMC9zdmciPjwvc3ZnPg==\" style=\"--smush-placeholder-width: 1024px; --smush-placeholder-aspect-ratio: 1024\/683;\" \/><\/figure>\n","protected":false},"excerpt":{"rendered":"<p>Se realiz\u00f3 una importante reuni\u00f3n de referentes del Partido Socialista de todo el pa\u00eds. Coincidieron en avanzar en una alternativa progresista, federal y participativa \u00abpor fuera de la confrontaci\u00f3n\u00bb, que d\u00e9 respuesta concreta a los problemas reales de la sociedad. En el marco del proceso de renovaci\u00f3n de autoridades partidarias a nivel nacional, m\u00e1s de [&hellip;]<\/p>\n","protected":false},"author":4,"featured_media":86907,"comment_status":"open","ping_status":"closed","sticky":false,"template":"","format":"standard","meta":{"om_disable_all_campaigns":false,"_jetpack_memberships_contains_paid_content":false,"footnotes":""},"categories":[101,2],"tags":[],"class_list":["post-86906","post","type-post","status-publish","format-standard","has-post-thumbnail","hentry","category-interes-general-locales","category-locales"],"aioseo_notices":[],"gutentor_comment":0,"jetpack_featured_media_url":"https:\/\/eldiariodesanpedro.com.ar\/sitio\/wp-content\/uploads\/2021\/02\/WhatsApp-Image-2021-01-30-at-18.58.29.jpeg","jetpack_shortlink":"https:\/\/wp.me\/p6RhLt-mBI","jetpack_sharing_enabled":true,"_links":{"self":[{"href":"https:\/\/eldiariodesanpedro.com.ar\/sitio\/wp-json\/wp\/v2\/posts\/86906","targetHints":{"allow":["GET"]}}],"collection":[{"href":"https:\/\/eldiariodesanpedro.com.ar\/sitio\/wp-json\/wp\/v2\/posts"}],"about":[{"href":"https:\/\/eldiariodesanpedro.com.ar\/sitio\/wp-json\/wp\/v2\/types\/post"}],"author":[{"embeddable":true,"href":"https:\/\/eldiariodesanpedro.com.ar\/sitio\/wp-json\/wp\/v2\/users\/4"}],"replies":[{"embeddable":true,"href":"https:\/\/eldiariodesanpedro.com.ar\/sitio\/wp-json\/wp\/v2\/comments?post=86906"}],"version-history":[{"count":1,"href":"https:\/\/eldiariodesanpedro.com.ar\/sitio\/wp-json\/wp\/v2\/posts\/86906\/revisions"}],"predecessor-version":[{"id":86909,"href":"https:\/\/eldiariodesanpedro.com.ar\/sitio\/wp-json\/wp\/v2\/posts\/86906\/revisions\/86909"}],"wp:featuredmedia":[{"embeddable":true,"href":"https:\/\/eldiariodesanpedro.com.ar\/sitio\/wp-json\/wp\/v2\/media\/86907"}],"wp:attachment":[{"href":"https:\/\/eldiariodesanpedro.com.ar\/sitio\/wp-json\/wp\/v2\/media?parent=86906"}],"wp:term":[{"taxonomy":"category","embeddable":true,"href":"https:\/\/eldiariodesanpedro.com.ar\/sitio\/wp-json\/wp\/v2\/categories?post=86906"},{"taxonomy":"post_tag","embeddable":true,"href":"https:\/\/eldiariodesanpedro.com.ar\/sitio\/wp-json\/wp\/v2\/tags?post=86906"}],"curies":[{"name":"wp","href":"https:\/\/api.w.org\/{rel}","templated":true}]}}