{"id":86901,"date":"2021-02-02T10:08:53","date_gmt":"2021-02-02T13:08:53","guid":{"rendered":"https:\/\/eldiariodesanpedro.com.ar\/sitio\/?p=86901"},"modified":"2021-02-02T10:08:57","modified_gmt":"2021-02-02T13:08:57","slug":"luego-de-la-sudestada-la-municipalidad-realiza-mejoras-en-la-playa-de-obligado","status":"publish","type":"post","link":"https:\/\/eldiariodesanpedro.com.ar\/sitio\/luego-de-la-sudestada-la-municipalidad-realiza-mejoras-en-la-playa-de-obligado\/","title":{"rendered":"Luego de la sudestada la municipalidad realiza mejoras en la playa de Obligado"},"content":{"rendered":"<!-- VideographyWP Plugin Message: Automatic video embedding prevented by plugin options. -->\n\n<p>Este fin de semana tras el completo cambio de clima con varios d\u00edas de lluvias y fuertes, el Rio de la Plata sufri\u00f3 una sudestada que ocasiono que la altura del Rio Paran\u00e1 subiera por lo que parte de la nueva playa de Vuelta de Obligado quedara bajo agua.<\/p>\n\n\n\n<p>Desde este lunes trabajadores municipales se encuentran en la zona realizando tareas de mantenimiento para lograr dejar en condiciones el lugar para el pr\u00f3ximo fin de semana donde volver\u00edan las altas temperaturas, que atraer\u00e1n a los visitantes.<\/p>\n\n\n\n<p>A pesar de la crecida los da\u00f1os no fueron de gran magnitud.<\/p>\n\n\n\n<figure class=\"wp-block-image size-large\"><img decoding=\"async\" width=\"720\" height=\"960\" data-attachment-id=\"86903\" data-permalink=\"https:\/\/eldiariodesanpedro.com.ar\/sitio\/luego-de-la-sudestada-la-municipalidad-realiza-mejoras-en-la-playa-de-obligado\/146078574_135515458391451_7024688171874496597_n\/\" data-orig-file=\"https:\/\/eldiariodesanpedro.com.ar\/sitio\/wp-content\/uploads\/2021\/02\/146078574_135515458391451_7024688171874496597_n.jpg\" data-orig-size=\"720,960\" data-comments-opened=\"1\" data-image-meta=\"{&quot;aperture&quot;:&quot;0&quot;,&quot;credit&quot;:&quot;&quot;,&quot;camera&quot;:&quot;&quot;,&quot;caption&quot;:&quot;&quot;,&quot;created_timestamp&quot;:&quot;0&quot;,&quot;copyright&quot;:&quot;&quot;,&quot;focal_length&quot;:&quot;0&quot;,&quot;iso&quot;:&quot;0&quot;,&quot;shutter_speed&quot;:&quot;0&quot;,&quot;title&quot;:&quot;&quot;,&quot;orientation&quot;:&quot;0&quot;}\" data-image-title=\"146078574_135515458391451_7024688171874496597_n\" data-image-description=\"\" data-image-caption=\"\" data-large-file=\"https:\/\/eldiariodesanpedro.com.ar\/sitio\/wp-content\/uploads\/2021\/02\/146078574_135515458391451_7024688171874496597_n.jpg\" data-src=\"https:\/\/eldiariodesanpedro.com.ar\/sitio\/wp-content\/uploads\/2021\/02\/146078574_135515458391451_7024688171874496597_n.jpg\" alt=\"\" class=\"wp-image-86903 lazyload\" data-srcset=\"https:\/\/eldiariodesanpedro.com.ar\/sitio\/wp-content\/uploads\/2021\/02\/146078574_135515458391451_7024688171874496597_n.jpg 720w, https:\/\/eldiariodesanpedro.com.ar\/sitio\/wp-content\/uploads\/2021\/02\/146078574_135515458391451_7024688171874496597_n-225x300.jpg 225w\" data-sizes=\"(max-width: 720px) 100vw, 720px\" src=\"data:image\/svg+xml;base64,PHN2ZyB3aWR0aD0iMSIgaGVpZ2h0PSIxIiB4bWxucz0iaHR0cDovL3d3dy53My5vcmcvMjAwMC9zdmciPjwvc3ZnPg==\" style=\"--smush-placeholder-width: 720px; --smush-placeholder-aspect-ratio: 720\/960;\" \/><\/figure>\n\n\n\n<figure class=\"wp-block-image size-large\"><img decoding=\"async\" width=\"960\" height=\"720\" data-attachment-id=\"86904\" data-permalink=\"https:\/\/eldiariodesanpedro.com.ar\/sitio\/luego-de-la-sudestada-la-municipalidad-realiza-mejoras-en-la-playa-de-obligado\/143628942_135515381724792_8065253746941885790_n\/\" data-orig-file=\"https:\/\/eldiariodesanpedro.com.ar\/sitio\/wp-content\/uploads\/2021\/02\/143628942_135515381724792_8065253746941885790_n.jpg\" data-orig-size=\"960,720\" data-comments-opened=\"1\" data-image-meta=\"{&quot;aperture&quot;:&quot;0&quot;,&quot;credit&quot;:&quot;&quot;,&quot;camera&quot;:&quot;&quot;,&quot;caption&quot;:&quot;&quot;,&quot;created_timestamp&quot;:&quot;0&quot;,&quot;copyright&quot;:&quot;&quot;,&quot;focal_length&quot;:&quot;0&quot;,&quot;iso&quot;:&quot;0&quot;,&quot;shutter_speed&quot;:&quot;0&quot;,&quot;title&quot;:&quot;&quot;,&quot;orientation&quot;:&quot;0&quot;}\" data-image-title=\"143628942_135515381724792_8065253746941885790_n\" data-image-description=\"\" data-image-caption=\"\" data-large-file=\"https:\/\/eldiariodesanpedro.com.ar\/sitio\/wp-content\/uploads\/2021\/02\/143628942_135515381724792_8065253746941885790_n.jpg\" data-src=\"https:\/\/eldiariodesanpedro.com.ar\/sitio\/wp-content\/uploads\/2021\/02\/143628942_135515381724792_8065253746941885790_n.jpg\" alt=\"\" class=\"wp-image-86904 lazyload\" data-srcset=\"https:\/\/eldiariodesanpedro.com.ar\/sitio\/wp-content\/uploads\/2021\/02\/143628942_135515381724792_8065253746941885790_n.jpg 960w, https:\/\/eldiariodesanpedro.com.ar\/sitio\/wp-content\/uploads\/2021\/02\/143628942_135515381724792_8065253746941885790_n-300x225.jpg 300w, https:\/\/eldiariodesanpedro.com.ar\/sitio\/wp-content\/uploads\/2021\/02\/143628942_135515381724792_8065253746941885790_n-768x576.jpg 768w, https:\/\/eldiariodesanpedro.com.ar\/sitio\/wp-content\/uploads\/2021\/02\/143628942_135515381724792_8065253746941885790_n-500x375.jpg 500w\" data-sizes=\"(max-width: 960px) 100vw, 960px\" src=\"data:image\/svg+xml;base64,PHN2ZyB3aWR0aD0iMSIgaGVpZ2h0PSIxIiB4bWxucz0iaHR0cDovL3d3dy53My5vcmcvMjAwMC9zdmciPjwvc3ZnPg==\" style=\"--smush-placeholder-width: 960px; --smush-placeholder-aspect-ratio: 960\/720;\" \/><\/figure>\n","protected":false},"excerpt":{"rendered":"<p>Este fin de semana tras el completo cambio de clima con varios d\u00edas de lluvias y fuertes, el Rio de la Plata sufri\u00f3 una sudestada que ocasiono que la altura del Rio Paran\u00e1 subiera por lo que parte de la nueva playa de Vuelta de Obligado quedara bajo agua. Desde este lunes trabajadores municipales se [&hellip;]<\/p>\n","protected":false},"author":4,"featured_media":86902,"comment_status":"open","ping_status":"closed","sticky":false,"template":"","format":"standard","meta":{"om_disable_all_campaigns":false,"_jetpack_memberships_contains_paid_content":false,"footnotes":""},"categories":[101,2],"tags":[],"class_list":["post-86901","post","type-post","status-publish","format-standard","has-post-thumbnail","hentry","category-interes-general-locales","category-locales"],"aioseo_notices":[],"gutentor_comment":0,"jetpack_featured_media_url":"https:\/\/eldiariodesanpedro.com.ar\/sitio\/wp-content\/uploads\/2021\/02\/144779111_135515331724797_6428806667917835397_n.jpg","jetpack_shortlink":"https:\/\/wp.me\/p6RhLt-mBD","jetpack_sharing_enabled":true,"_links":{"self":[{"href":"https:\/\/eldiariodesanpedro.com.ar\/sitio\/wp-json\/wp\/v2\/posts\/86901","targetHints":{"allow":["GET"]}}],"collection":[{"href":"https:\/\/eldiariodesanpedro.com.ar\/sitio\/wp-json\/wp\/v2\/posts"}],"about":[{"href":"https:\/\/eldiariodesanpedro.com.ar\/sitio\/wp-json\/wp\/v2\/types\/post"}],"author":[{"embeddable":true,"href":"https:\/\/eldiariodesanpedro.com.ar\/sitio\/wp-json\/wp\/v2\/users\/4"}],"replies":[{"embeddable":true,"href":"https:\/\/eldiariodesanpedro.com.ar\/sitio\/wp-json\/wp\/v2\/comments?post=86901"}],"version-history":[{"count":1,"href":"https:\/\/eldiariodesanpedro.com.ar\/sitio\/wp-json\/wp\/v2\/posts\/86901\/revisions"}],"predecessor-version":[{"id":86905,"href":"https:\/\/eldiariodesanpedro.com.ar\/sitio\/wp-json\/wp\/v2\/posts\/86901\/revisions\/86905"}],"wp:featuredmedia":[{"embeddable":true,"href":"https:\/\/eldiariodesanpedro.com.ar\/sitio\/wp-json\/wp\/v2\/media\/86902"}],"wp:attachment":[{"href":"https:\/\/eldiariodesanpedro.com.ar\/sitio\/wp-json\/wp\/v2\/media?parent=86901"}],"wp:term":[{"taxonomy":"category","embeddable":true,"href":"https:\/\/eldiariodesanpedro.com.ar\/sitio\/wp-json\/wp\/v2\/categories?post=86901"},{"taxonomy":"post_tag","embeddable":true,"href":"https:\/\/eldiariodesanpedro.com.ar\/sitio\/wp-json\/wp\/v2\/tags?post=86901"}],"curies":[{"name":"wp","href":"https:\/\/api.w.org\/{rel}","templated":true}]}}