{"id":86883,"date":"2021-02-01T19:52:34","date_gmt":"2021-02-01T22:52:34","guid":{"rendered":"https:\/\/eldiariodesanpedro.com.ar\/sitio\/?p=86883"},"modified":"2021-02-01T19:52:38","modified_gmt":"2021-02-01T22:52:38","slug":"anses-dio-a-conocer-el-calendario-de-pago-del-mes-de-febrero","status":"publish","type":"post","link":"https:\/\/eldiariodesanpedro.com.ar\/sitio\/anses-dio-a-conocer-el-calendario-de-pago-del-mes-de-febrero\/","title":{"rendered":"ANSeS dio a conocer el calendario de pago del mes de febrero"},"content":{"rendered":"<!-- VideographyWP Plugin Message: Automatic video embedding prevented by plugin options. -->\n\n<p>Como sucede habitualmente, la mayor\u00eda de los beneficios comenzar\u00e1n a pagarse reci\u00e9n a partir de la segunda semana del mes, el lunes 8 de febrero en el caso de las jubilaciones y pensiones y el mi\u00e9rcoles 10 de febrero en el caso de la AUH y la AUE. Los d\u00edas lunes 15 y martes 16 de febrero no habr\u00e1 pagos debido a los feriados de carnaval.<\/p>\n\n\n\n<p>La Administraci\u00f3n Nacional de la Seguridad Social (ANSeS), el organismo que comanda Fernanda Raverta, difundi\u00f3 el calendario de pagos para el mes de febrero, que incluye la fecha en que ser\u00e1n depositadas las jubilaciones y pensiones, la AUH, la AUE y las PNC, entre otros beneficios.<\/p>\n\n\n\n<p>El calendario no incluye el Ingreso Familiar de Emergencia (IFE), ya que su tercera y \u00faltima edici\u00f3n se termin\u00f3 de pagar en octubre y luego el Gobierno reiter\u00f3 en numerosas oportunidades que este plan, al igual que el programa de Asistencia al Trabajo y la Producci\u00f3n (ATP), no continuar\u00e1 en 2021.<\/p>\n\n\n\n<p>Como sucede habitualmente, la mayor\u00eda de los beneficios comenzar\u00e1n a pagarse reci\u00e9n a partir de la segunda semana del mes, el lunes 8 de febrero en el caso de las jubilaciones y pensiones y el mi\u00e9rcoles 10 de febrero en el caso de la AUH y la AUE.<\/p>\n\n\n\n<p>Los d\u00edas lunes 15 y martes 16 de febrero no habr\u00e1 pagos debido a los feriados de carnaval.<\/p>\n\n\n\n<p>Haberes que no superen los $ 21.393<br>&#8211; DNI terminado en 0: lunes 8.<br>&#8211; DNI terminado en 1: martes 9.<br>&#8211; DNI terminado en 2: mi\u00e9rcoles 10.<br>&#8211; DNI terminado en 3: jueves 11.<br>&#8211; DNI terminado en 4: viernes 12.<br>&#8211; DNI terminado en 5: viernes 12.<br>&#8211; DNI terminado en 6: mi\u00e9rcoles 17.<br>&#8211; DNI terminado en 7: jueves 18.<br>&#8211; DNI terminado en 8: jueves 18.<br>&#8211; DNI terminado en 9: viernes 19.<\/p>\n\n\n\n<p>Haberes que superen los $ 21.393<br>&#8211; DNI terminado en 0 y 1: lunes 22.<br>&#8211; DNI terminado en 2 y 3: martes 23.<br>&#8211; DNI terminado en 4 y 5: mi\u00e9rcoles 24.<br>&#8211; DNI terminado en 6 y 7: jueves 25.<br>&#8211; DNI terminado en 8 y 9: viernes 26.<\/p>\n\n\n\n<p>AUH y Asignaci\u00f3n Familiar por Hijo<br>&#8211; DNI terminado en 0: mi\u00e9rcoles 10.<br>&#8211; DNI terminado en 1: jueves 11.<br>&#8211; DNI terminado en 2: viernes 12.<br>&#8211; DNI terminado en 3: mi\u00e9rcoles 17.<br>&#8211; DNI terminado en 4: jueves 18.<br>&#8211; DNI terminado en 5: viernes 19.<br>&#8211; DNI terminado en 6: lunes 22.<br>&#8211; DNI terminado en 7: martes 23.<br>&#8211; DNI terminado en 8: mi\u00e9rcoles 24.<br>&#8211; DNI terminado en 9: jueves 25.<\/p>\n\n\n\n<p>Fecha de pago de la AUE<br>&#8211; DNI terminado en 0: mi\u00e9rcoles 10.<br>&#8211; DNI terminado en 1: jueves 11.<br>&#8211; DNI terminado en 2: viernes 12.<br>&#8211; DNI terminado en 3: mi\u00e9rcoles 17.<br>&#8211; DNI terminado en 4: jueves 18.<br>&#8211; DNI terminado en 5: viernes 19.<br>&#8211; DNI terminado en 6: lunes 22.<br>&#8211; DNI terminado en 7: martes 23.<br>&#8211; DNI terminado en 8: mi\u00e9rcoles 24,<br>&#8211; DNI terminado en 9: jueves 25.<\/p>\n\n\n\n<p>Asignaciones por prenatal y maternidad<br>&#8211; DNI terminado en 0 y 1: mi\u00e9rcoles 10.<br>&#8211; DNI terminado en 2 y 3: jueves 11.<br>&#8211; DNI terminado en 4 y 5: viernes 12.<br>&#8211; DNI terminado en 6 y 7: mi\u00e9rcoles 17.<br>&#8211; DNI terminado en 8 y 9: jueves 18.<\/p>\n\n\n\n<p>Asignaciones de pago \u00fanico<br>Todos los documentos:<br>&#8211; Primera quincena: viernes 05 de febrero al mi\u00e9rcoles 10 de marzo.<br>&#8211; Segunda quincena: martes 23 de febrero al mi\u00e9rcoles 10 de marzo.<br><br>Pensiones no contributivas (PNC)<br>&#8211; DNI terminado en 0 y 1: lunes 1\u00b0.<br>&#8211; DNI terminado en 2 y 3: martes 2.<br>&#8211; DNI terminado en 4 y 5: mi\u00e9rcoles 3.<br>&#8211; DNI terminado en 6 y 7: jueves 4.<br>&#8211; DNI terminado en 8 y 9: viernes 5.<\/p>\n\n\n\n<p>Asignaciones Familiares de PNC<br>Todos los DNI cobran entre el lunes 8 de febrero y el mi\u00e9rcoles 10 de marzo.<\/p>\n\n\n\n<p>Prestaci\u00f3n por desempleo<br>&#8211; DNI terminado en 0 y 1: martes 23.<br>&#8211; DNI terminado en 2 y 3: mi\u00e9rcoles 24.<br>&#8211; DNI terminado en 4 y 5: jueves 25.<br>&#8211; DNI terminado en 6 y 7: viernes 26.<br>&#8211; DNI terminado en 8 y 9: lunes 1\u00b0 de marzo.<\/p>\n","protected":false},"excerpt":{"rendered":"<p>Como sucede habitualmente, la mayor\u00eda de los beneficios comenzar\u00e1n a pagarse reci\u00e9n a partir de la segunda semana del mes, el lunes 8 de febrero en el caso de las jubilaciones y pensiones y el mi\u00e9rcoles 10 de febrero en el caso de la AUH y la AUE. Los d\u00edas lunes 15 y martes 16 [&hellip;]<\/p>\n","protected":false},"author":4,"featured_media":86884,"comment_status":"open","ping_status":"closed","sticky":false,"template":"","format":"standard","meta":{"om_disable_all_campaigns":false,"_jetpack_memberships_contains_paid_content":false,"footnotes":""},"categories":[101,2],"tags":[],"class_list":["post-86883","post","type-post","status-publish","format-standard","has-post-thumbnail","hentry","category-interes-general-locales","category-locales"],"aioseo_notices":[],"gutentor_comment":0,"jetpack_featured_media_url":"https:\/\/eldiariodesanpedro.com.ar\/sitio\/wp-content\/uploads\/2021\/02\/20210130051919.jpg","jetpack_shortlink":"https:\/\/wp.me\/p6RhLt-mBl","jetpack_sharing_enabled":true,"_links":{"self":[{"href":"https:\/\/eldiariodesanpedro.com.ar\/sitio\/wp-json\/wp\/v2\/posts\/86883","targetHints":{"allow":["GET"]}}],"collection":[{"href":"https:\/\/eldiariodesanpedro.com.ar\/sitio\/wp-json\/wp\/v2\/posts"}],"about":[{"href":"https:\/\/eldiariodesanpedro.com.ar\/sitio\/wp-json\/wp\/v2\/types\/post"}],"author":[{"embeddable":true,"href":"https:\/\/eldiariodesanpedro.com.ar\/sitio\/wp-json\/wp\/v2\/users\/4"}],"replies":[{"embeddable":true,"href":"https:\/\/eldiariodesanpedro.com.ar\/sitio\/wp-json\/wp\/v2\/comments?post=86883"}],"version-history":[{"count":1,"href":"https:\/\/eldiariodesanpedro.com.ar\/sitio\/wp-json\/wp\/v2\/posts\/86883\/revisions"}],"predecessor-version":[{"id":86885,"href":"https:\/\/eldiariodesanpedro.com.ar\/sitio\/wp-json\/wp\/v2\/posts\/86883\/revisions\/86885"}],"wp:featuredmedia":[{"embeddable":true,"href":"https:\/\/eldiariodesanpedro.com.ar\/sitio\/wp-json\/wp\/v2\/media\/86884"}],"wp:attachment":[{"href":"https:\/\/eldiariodesanpedro.com.ar\/sitio\/wp-json\/wp\/v2\/media?parent=86883"}],"wp:term":[{"taxonomy":"category","embeddable":true,"href":"https:\/\/eldiariodesanpedro.com.ar\/sitio\/wp-json\/wp\/v2\/categories?post=86883"},{"taxonomy":"post_tag","embeddable":true,"href":"https:\/\/eldiariodesanpedro.com.ar\/sitio\/wp-json\/wp\/v2\/tags?post=86883"}],"curies":[{"name":"wp","href":"https:\/\/api.w.org\/{rel}","templated":true}]}}