{"id":86880,"date":"2021-02-01T19:50:07","date_gmt":"2021-02-01T22:50:07","guid":{"rendered":"https:\/\/eldiariodesanpedro.com.ar\/sitio\/?p=86880"},"modified":"2021-02-01T19:50:11","modified_gmt":"2021-02-01T22:50:11","slug":"ramallo-villa-ramallo-celebra-hoy-su-135o-aniversario","status":"publish","type":"post","link":"https:\/\/eldiariodesanpedro.com.ar\/sitio\/ramallo-villa-ramallo-celebra-hoy-su-135o-aniversario\/","title":{"rendered":"RAMALLO | Villa Ramallo celebra hoy su 135\u00ba aniversario"},"content":{"rendered":"<!-- VideographyWP Plugin Message: Automatic video embedding prevented by plugin options. -->\n\n<p>Cada 1\u00b0 de febrero el paso del tren recuerda un nuevo aniversario de la ciudad de Villa Ramallo. Este 2021 cumple 135 a\u00f1os de historia, en esa comuni\u00f3n de la ciudad con las v\u00edas del tren, que le da su identidad a trav\u00e9s de los a\u00f1os. Una ciudad siempre pujante, con desaf\u00edos y continuo crecimiento.<\/p>\n\n\n\n<p>El d\u00eda de su aniversario se tom\u00f3 de aquel 1ro de febrero de 1886, cuando a la estaci\u00f3n ferroviaria local, levantada en tierras que pertenec\u00edan a Diego de Alvear y a Juan Joyce, arriba el primer tren para dejar inaugurado el servicio ferroviario. Entre los a\u00f1os 1889 y 1890 se instalan un molino harinero, comercios de ramos generales, una casa cerealista y la Escuela N\u00b0 6 Gral. Manuel Belgrano.A la conjunci\u00f3n que formaban el servicio ferroviario y la creciente explotaci\u00f3n agropecuaria se suma la instalaci\u00f3n del Banco de la Naci\u00f3n Argentina, hecho que tuvo lugar el 21 de diciembre de 1909. Tambi\u00e9n en esa misma \u00e9poca se produjo la creaci\u00f3n de carpinter\u00edas, herrer\u00edas, talabarter\u00edas, talleres mec\u00e1nicos y comercios. Adem\u00e1s Villa Ramallo instal\u00f3 una bodega dedicada a la producci\u00f3n de vinos y el \u00fanico corral\u00f3n de materiales para la construcci\u00f3n que por entonces hab\u00eda en la localidad.<\/p>\n\n\n\n<p>Hacia 1930, Villa Ramallo por su desenvolvimiento econ\u00f3mico, cultural y social hab\u00eda alcanzado a ser el centro poblado m\u00e1s importante del partido. El 29 de marzo de 1941 se produjo la fundaci\u00f3n de la Cooperativa Agr\u00edcola de Ramallo Ltda., entidad que tiene por finalidad guardar los cereales en silos, para que luego estos sean comercializados con otras entidades y transportados por medio de camiones y por medio de barcos que zarpan del Puerto Ramallo.<\/p>\n\n\n\n<p>Villa Ramallo siempre fue identificada con su actividad comercial y nocturna. La ciudad posee dos bancos: el Banco de la Provincia de Buenos Aires, inaugurado en 2006, y el Banco de la Naci\u00f3n Argentina. Cuenta con sus avenidas donde abundan locales de indumentaria, restaurantes, joyer\u00edas, perfumer\u00edas, relojer\u00edas, helader\u00edas y supermercados.Si bien la crisis econ\u00f3mica, y la pandemia mediante, golpeo fuerte la actividad, llevando al cierre de varios comercios, hoy intenta levantarse nuevamente con proyectos edilicios, urban\u00edsticos y comerciales, cambiando la cara de la crisis por oportunidad.<\/p>\n\n\n\n<p>En los \u00faltimos a\u00f1os la ciudad fue cambiando, creciendo r\u00e1pidamente, un poco desordenada tambi\u00e9n, pero donde afloraron nuevos barrios. A lo largo y ancho de la localidad, se extienden nuevos desarrollos urban\u00edsticos y loteos que empiezan a dar forma al circuito urbano.Parte constitutiva de la comunidad son sus instituciones y edificios educativos. Desde el Auditorio Libertador, que supo recuperar su espacio para la cultura local, pasando por el Centro Cultural municipal, que est\u00e1 en v\u00edas de recuperaci\u00f3n, la biblioteca popular Fortunato Zampa, el Teatro Ramallo, sus centros culturales que esparcen la m\u00fasica y danza por doquier. Sus escuelas primarias y secundarias, que formaron generaciones enteras de ramallenses y que son centro principal de debates e iniciativas.Tambi\u00e9n los clubes, con su vida social y deportiva. Sobre la avenida San Martin, encontramos los m\u00e1s emblem\u00e1ticos de la ciudad, el Club Independiente, Club Los Andes y Defensores de Belgrano, que en el a\u00f1o 2007 comenz\u00f3 a participar del conocido torneo argentino B, siendo el \u00fanico representante del partido en dicho torneo y desde el a\u00f1o 2010 hasta el presente se encuentra jugando el Torneo Federal A.<\/p>\n","protected":false},"excerpt":{"rendered":"<p>Cada 1\u00b0 de febrero el paso del tren recuerda un nuevo aniversario de la ciudad de Villa Ramallo. Este 2021 cumple 135 a\u00f1os de historia, en esa comuni\u00f3n de la ciudad con las v\u00edas del tren, que le da su identidad a trav\u00e9s de los a\u00f1os. Una ciudad siempre pujante, con desaf\u00edos y continuo crecimiento. [&hellip;]<\/p>\n","protected":false},"author":4,"featured_media":86881,"comment_status":"open","ping_status":"closed","sticky":false,"template":"","format":"standard","meta":{"om_disable_all_campaigns":false,"_jetpack_memberships_contains_paid_content":false,"footnotes":""},"categories":[621],"tags":[],"class_list":["post-86880","post","type-post","status-publish","format-standard","has-post-thumbnail","hentry","category-regionales"],"aioseo_notices":[],"gutentor_comment":0,"jetpack_featured_media_url":"https:\/\/eldiariodesanpedro.com.ar\/sitio\/wp-content\/uploads\/2021\/02\/0.jpg","jetpack_shortlink":"https:\/\/wp.me\/p6RhLt-mBi","jetpack_sharing_enabled":true,"_links":{"self":[{"href":"https:\/\/eldiariodesanpedro.com.ar\/sitio\/wp-json\/wp\/v2\/posts\/86880","targetHints":{"allow":["GET"]}}],"collection":[{"href":"https:\/\/eldiariodesanpedro.com.ar\/sitio\/wp-json\/wp\/v2\/posts"}],"about":[{"href":"https:\/\/eldiariodesanpedro.com.ar\/sitio\/wp-json\/wp\/v2\/types\/post"}],"author":[{"embeddable":true,"href":"https:\/\/eldiariodesanpedro.com.ar\/sitio\/wp-json\/wp\/v2\/users\/4"}],"replies":[{"embeddable":true,"href":"https:\/\/eldiariodesanpedro.com.ar\/sitio\/wp-json\/wp\/v2\/comments?post=86880"}],"version-history":[{"count":1,"href":"https:\/\/eldiariodesanpedro.com.ar\/sitio\/wp-json\/wp\/v2\/posts\/86880\/revisions"}],"predecessor-version":[{"id":86882,"href":"https:\/\/eldiariodesanpedro.com.ar\/sitio\/wp-json\/wp\/v2\/posts\/86880\/revisions\/86882"}],"wp:featuredmedia":[{"embeddable":true,"href":"https:\/\/eldiariodesanpedro.com.ar\/sitio\/wp-json\/wp\/v2\/media\/86881"}],"wp:attachment":[{"href":"https:\/\/eldiariodesanpedro.com.ar\/sitio\/wp-json\/wp\/v2\/media?parent=86880"}],"wp:term":[{"taxonomy":"category","embeddable":true,"href":"https:\/\/eldiariodesanpedro.com.ar\/sitio\/wp-json\/wp\/v2\/categories?post=86880"},{"taxonomy":"post_tag","embeddable":true,"href":"https:\/\/eldiariodesanpedro.com.ar\/sitio\/wp-json\/wp\/v2\/tags?post=86880"}],"curies":[{"name":"wp","href":"https:\/\/api.w.org\/{rel}","templated":true}]}}