{"id":8688,"date":"2016-10-10T19:00:29","date_gmt":"2016-10-10T22:00:29","guid":{"rendered":"https:\/\/eldiariodesanpedro.com.ar\/sitio\/?p=8688"},"modified":"2016-10-10T19:00:29","modified_gmt":"2016-10-10T22:00:29","slug":"la-policia-encontro-en-una-casa-elementos-robados-del-hotel-howard-johnson","status":"publish","type":"post","link":"https:\/\/eldiariodesanpedro.com.ar\/sitio\/la-policia-encontro-en-una-casa-elementos-robados-del-hotel-howard-johnson\/","title":{"rendered":"La polic\u00eda encontr\u00f3 en una casa elementos robados del hotel Howard Johnson"},"content":{"rendered":"<p><!-- VideographyWP Plugin Message: Automatic video embedding prevented by plugin options. --><br \/>\nEn la tarde del viernes, efectivos policiales de la DDI San Pedro-Baradero, con el acompa\u00f1amiento de personal de la comisar\u00eda local, realizaron el procedimiento en una vivienda localizada en Ansaloni 965 de nuestra ciudad, ordenado por la UFI N\u00ba 7, subrogada por el Dr. Marcelo Manso.<br \/>\nLa investigaci\u00f3n se inicia a trav\u00e9s de una denuncia del establecimiento por el faltante de distintos elementos. Bajo la modalidad \u201chormiga\u201d, se presum\u00eda que se llevaban de a poco los distintos utensilios. En el lugar se pudieron hallar una gran cantidad de ellos, entre otros: copas, cubiertos, platos, s\u00e1banas y acolchados, todos con identificaci\u00f3n del hotel.<br \/>\nLos elementos fueron secuestrados y la causa fue caratulada como \u201churto\u201d.<br \/>\nEn tanto, un mujer de 46 a\u00f1os, sindicada como autora del hecho, qued\u00f3 ligada al proceso iniciado por la fiscal\u00eda. Se la notific\u00f3 pero no fue aprehendida. Seg\u00fan se pudo constatar, se trata de una exempleada del lugar que hab\u00eda renunciado hace poco tiempo.<\/p>\n","protected":false},"excerpt":{"rendered":"<p>En la tarde del viernes, efectivos policiales de la DDI San Pedro-Baradero, con el acompa\u00f1amiento de personal de la comisar\u00eda local, realizaron el procedimiento en una vivienda localizada en Ansaloni 965 de nuestra ciudad, ordenado por la UFI N\u00ba 7, subrogada por el Dr. Marcelo Manso. La investigaci\u00f3n se inicia a trav\u00e9s de una denuncia [&hellip;]<\/p>\n","protected":false},"author":4,"featured_media":8689,"comment_status":"open","ping_status":"closed","sticky":false,"template":"","format":"standard","meta":{"om_disable_all_campaigns":false,"_jetpack_memberships_contains_paid_content":false,"footnotes":""},"categories":[50,2,103],"tags":[],"class_list":["post-8688","post","type-post","status-publish","format-standard","has-post-thumbnail","hentry","category-destacadas","category-locales","category-policiales-locales"],"aioseo_notices":[],"gutentor_comment":0,"jetpack_featured_media_url":"https:\/\/eldiariodesanpedro.com.ar\/sitio\/wp-content\/uploads\/2016\/10\/PAGINA-5-4.jpg","jetpack_shortlink":"https:\/\/wp.me\/p6RhLt-2g8","jetpack_sharing_enabled":true,"_links":{"self":[{"href":"https:\/\/eldiariodesanpedro.com.ar\/sitio\/wp-json\/wp\/v2\/posts\/8688","targetHints":{"allow":["GET"]}}],"collection":[{"href":"https:\/\/eldiariodesanpedro.com.ar\/sitio\/wp-json\/wp\/v2\/posts"}],"about":[{"href":"https:\/\/eldiariodesanpedro.com.ar\/sitio\/wp-json\/wp\/v2\/types\/post"}],"author":[{"embeddable":true,"href":"https:\/\/eldiariodesanpedro.com.ar\/sitio\/wp-json\/wp\/v2\/users\/4"}],"replies":[{"embeddable":true,"href":"https:\/\/eldiariodesanpedro.com.ar\/sitio\/wp-json\/wp\/v2\/comments?post=8688"}],"version-history":[{"count":1,"href":"https:\/\/eldiariodesanpedro.com.ar\/sitio\/wp-json\/wp\/v2\/posts\/8688\/revisions"}],"predecessor-version":[{"id":8690,"href":"https:\/\/eldiariodesanpedro.com.ar\/sitio\/wp-json\/wp\/v2\/posts\/8688\/revisions\/8690"}],"wp:featuredmedia":[{"embeddable":true,"href":"https:\/\/eldiariodesanpedro.com.ar\/sitio\/wp-json\/wp\/v2\/media\/8689"}],"wp:attachment":[{"href":"https:\/\/eldiariodesanpedro.com.ar\/sitio\/wp-json\/wp\/v2\/media?parent=8688"}],"wp:term":[{"taxonomy":"category","embeddable":true,"href":"https:\/\/eldiariodesanpedro.com.ar\/sitio\/wp-json\/wp\/v2\/categories?post=8688"},{"taxonomy":"post_tag","embeddable":true,"href":"https:\/\/eldiariodesanpedro.com.ar\/sitio\/wp-json\/wp\/v2\/tags?post=8688"}],"curies":[{"name":"wp","href":"https:\/\/api.w.org\/{rel}","templated":true}]}}