{"id":86877,"date":"2021-02-01T19:38:53","date_gmt":"2021-02-01T22:38:53","guid":{"rendered":"https:\/\/eldiariodesanpedro.com.ar\/sitio\/?p=86877"},"modified":"2021-02-01T19:38:56","modified_gmt":"2021-02-01T22:38:56","slug":"arrecifes-demoraron-a-un-delivery-por-incumplimiento-de-horario-permitido","status":"publish","type":"post","link":"https:\/\/eldiariodesanpedro.com.ar\/sitio\/arrecifes-demoraron-a-un-delivery-por-incumplimiento-de-horario-permitido\/","title":{"rendered":"ARRECIFES | Demoraron a un delivery por \u201cincumplimiento de horario permitido\u201d"},"content":{"rendered":"<!-- VideographyWP Plugin Message: Automatic video embedding prevented by plugin options. -->\n\n<p>La Secretar\u00eda de Seguridad municipal inform\u00f3 que este domingo, a la 1 de la madrugada, la polic\u00eda demor\u00f3 a una persona de sexo masculino que se encontraba entregando bebidas a domicilio mediante la modalidad delivery.<\/p>\n\n\n\n<p>El motivo, seg\u00fan indica el comunicado, es que lo estaba haciendo fuera del horario establecido en la correspondiente ley provincial (hasta las 21:00).<\/p>\n\n\n\n<p>Cumplimentados los recaudos legales, el trabajador de delivery recuper\u00f3 su libertad.<\/p>\n\n\n\n<p>Fuente: <a href=\"https:\/\/arrecifesnoticias.com\/policiales\/demoraron-a-un-delivery-por-incumplimiento-de-horario-permitido\/\">Arrecifes noticias<\/a><\/p>\n\n\n\n<p><a rel=\"noreferrer noopener\" href=\"https:\/\/www.facebook.com\/dialog\/send?app_id=140586622674265&amp;link=https%3A%2F%2Farrecifesnoticias.com%2Fpoliciales%2Fdemoraron-a-un-delivery-por-incumplimiento-de-horario-permitido%2F&amp;redirect_uri=https%3A%2F%2Farrecifesnoticias.com%2Fpoliciales%2Fdemoraron-a-un-delivery-por-incumplimiento-de-horario-permitido%2F\" target=\"_blank\"><\/a><\/p>\n","protected":false},"excerpt":{"rendered":"<p>La Secretar\u00eda de Seguridad municipal inform\u00f3 que este domingo, a la 1 de la madrugada, la polic\u00eda demor\u00f3 a una persona de sexo masculino que se encontraba entregando bebidas a domicilio mediante la modalidad delivery. El motivo, seg\u00fan indica el comunicado, es que lo estaba haciendo fuera del horario establecido en la correspondiente ley provincial [&hellip;]<\/p>\n","protected":false},"author":4,"featured_media":86878,"comment_status":"open","ping_status":"closed","sticky":false,"template":"","format":"standard","meta":{"om_disable_all_campaigns":false,"_jetpack_memberships_contains_paid_content":false,"footnotes":""},"categories":[621],"tags":[],"class_list":["post-86877","post","type-post","status-publish","format-standard","has-post-thumbnail","hentry","category-regionales"],"aioseo_notices":[],"gutentor_comment":0,"jetpack_featured_media_url":"https:\/\/eldiariodesanpedro.com.ar\/sitio\/wp-content\/uploads\/2021\/02\/moto-delivery-708x510-1.jpg","jetpack_shortlink":"https:\/\/wp.me\/p6RhLt-mBf","jetpack_sharing_enabled":true,"_links":{"self":[{"href":"https:\/\/eldiariodesanpedro.com.ar\/sitio\/wp-json\/wp\/v2\/posts\/86877","targetHints":{"allow":["GET"]}}],"collection":[{"href":"https:\/\/eldiariodesanpedro.com.ar\/sitio\/wp-json\/wp\/v2\/posts"}],"about":[{"href":"https:\/\/eldiariodesanpedro.com.ar\/sitio\/wp-json\/wp\/v2\/types\/post"}],"author":[{"embeddable":true,"href":"https:\/\/eldiariodesanpedro.com.ar\/sitio\/wp-json\/wp\/v2\/users\/4"}],"replies":[{"embeddable":true,"href":"https:\/\/eldiariodesanpedro.com.ar\/sitio\/wp-json\/wp\/v2\/comments?post=86877"}],"version-history":[{"count":1,"href":"https:\/\/eldiariodesanpedro.com.ar\/sitio\/wp-json\/wp\/v2\/posts\/86877\/revisions"}],"predecessor-version":[{"id":86879,"href":"https:\/\/eldiariodesanpedro.com.ar\/sitio\/wp-json\/wp\/v2\/posts\/86877\/revisions\/86879"}],"wp:featuredmedia":[{"embeddable":true,"href":"https:\/\/eldiariodesanpedro.com.ar\/sitio\/wp-json\/wp\/v2\/media\/86878"}],"wp:attachment":[{"href":"https:\/\/eldiariodesanpedro.com.ar\/sitio\/wp-json\/wp\/v2\/media?parent=86877"}],"wp:term":[{"taxonomy":"category","embeddable":true,"href":"https:\/\/eldiariodesanpedro.com.ar\/sitio\/wp-json\/wp\/v2\/categories?post=86877"},{"taxonomy":"post_tag","embeddable":true,"href":"https:\/\/eldiariodesanpedro.com.ar\/sitio\/wp-json\/wp\/v2\/tags?post=86877"}],"curies":[{"name":"wp","href":"https:\/\/api.w.org\/{rel}","templated":true}]}}