{"id":86874,"date":"2021-02-01T19:37:08","date_gmt":"2021-02-01T22:37:08","guid":{"rendered":"https:\/\/eldiariodesanpedro.com.ar\/sitio\/?p=86874"},"modified":"2021-02-01T19:37:11","modified_gmt":"2021-02-01T22:37:11","slug":"campana-robaron-un-auto-y-lo-incendiaron-sobre-ruta-9","status":"publish","type":"post","link":"https:\/\/eldiariodesanpedro.com.ar\/sitio\/campana-robaron-un-auto-y-lo-incendiaron-sobre-ruta-9\/","title":{"rendered":"CAMPANA | Robaron un auto y lo incendiaron sobre ruta 9"},"content":{"rendered":"<!-- VideographyWP Plugin Message: Automatic video embedding prevented by plugin options. -->\n\n<p><strong>Ocurri\u00f3 esta madrugada, m\u00e1s espec\u00edficamente alrededor de las 3:30 am, cuando los servicios de emergencia de Campana recibieron la alerta respecto a un veh\u00edculo en llamas a la altura del kil\u00f3metro 64 sobre la Ruta Nacional N\u00b09.<\/strong><\/p>\n\n\n\n<p>Se trataba de un autom\u00f3vil modelo Peugeot 307, que anteriormente hab\u00eda sido reportado como robado.<\/p>\n\n\n\n<p>Se dirigi\u00f3 entonces al lugar el m\u00f3vil N\u00b036 de Bomberos Voluntarios de Campana, a cargo de Eduardo Medina; acompa\u00f1ado a su vez por el m\u00f3vil N\u00b027213, bajo el mando este \u00faltimo del Mayor Gonz\u00e1lez.<\/p>\n\n\n\n<p>Si bien se logr\u00f3 poner fin al incendio como resultado del operativo, la destrucci\u00f3n del veh\u00edculo fue pr\u00e1cticamente total.<\/p>\n\n\n\n<p>Fuente Campana Noticias<\/p>\n","protected":false},"excerpt":{"rendered":"<p>Ocurri\u00f3 esta madrugada, m\u00e1s espec\u00edficamente alrededor de las 3:30 am, cuando los servicios de emergencia de Campana recibieron la alerta respecto a un veh\u00edculo en llamas a la altura del kil\u00f3metro 64 sobre la Ruta Nacional N\u00b09. Se trataba de un autom\u00f3vil modelo Peugeot 307, que anteriormente hab\u00eda sido reportado como robado. Se dirigi\u00f3 entonces [&hellip;]<\/p>\n","protected":false},"author":4,"featured_media":86875,"comment_status":"open","ping_status":"closed","sticky":false,"template":"","format":"standard","meta":{"om_disable_all_campaigns":false,"_jetpack_memberships_contains_paid_content":false,"footnotes":""},"categories":[621],"tags":[],"class_list":["post-86874","post","type-post","status-publish","format-standard","has-post-thumbnail","hentry","category-regionales"],"aioseo_notices":[],"gutentor_comment":0,"jetpack_featured_media_url":"https:\/\/eldiariodesanpedro.com.ar\/sitio\/wp-content\/uploads\/2021\/02\/AUTO-INCENDIADO-1.jpg","jetpack_shortlink":"https:\/\/wp.me\/p6RhLt-mBc","jetpack_sharing_enabled":true,"_links":{"self":[{"href":"https:\/\/eldiariodesanpedro.com.ar\/sitio\/wp-json\/wp\/v2\/posts\/86874","targetHints":{"allow":["GET"]}}],"collection":[{"href":"https:\/\/eldiariodesanpedro.com.ar\/sitio\/wp-json\/wp\/v2\/posts"}],"about":[{"href":"https:\/\/eldiariodesanpedro.com.ar\/sitio\/wp-json\/wp\/v2\/types\/post"}],"author":[{"embeddable":true,"href":"https:\/\/eldiariodesanpedro.com.ar\/sitio\/wp-json\/wp\/v2\/users\/4"}],"replies":[{"embeddable":true,"href":"https:\/\/eldiariodesanpedro.com.ar\/sitio\/wp-json\/wp\/v2\/comments?post=86874"}],"version-history":[{"count":1,"href":"https:\/\/eldiariodesanpedro.com.ar\/sitio\/wp-json\/wp\/v2\/posts\/86874\/revisions"}],"predecessor-version":[{"id":86876,"href":"https:\/\/eldiariodesanpedro.com.ar\/sitio\/wp-json\/wp\/v2\/posts\/86874\/revisions\/86876"}],"wp:featuredmedia":[{"embeddable":true,"href":"https:\/\/eldiariodesanpedro.com.ar\/sitio\/wp-json\/wp\/v2\/media\/86875"}],"wp:attachment":[{"href":"https:\/\/eldiariodesanpedro.com.ar\/sitio\/wp-json\/wp\/v2\/media?parent=86874"}],"wp:term":[{"taxonomy":"category","embeddable":true,"href":"https:\/\/eldiariodesanpedro.com.ar\/sitio\/wp-json\/wp\/v2\/categories?post=86874"},{"taxonomy":"post_tag","embeddable":true,"href":"https:\/\/eldiariodesanpedro.com.ar\/sitio\/wp-json\/wp\/v2\/tags?post=86874"}],"curies":[{"name":"wp","href":"https:\/\/api.w.org\/{rel}","templated":true}]}}