{"id":86871,"date":"2021-02-01T19:35:20","date_gmt":"2021-02-01T22:35:20","guid":{"rendered":"https:\/\/eldiariodesanpedro.com.ar\/sitio\/?p=86871"},"modified":"2021-02-01T19:35:24","modified_gmt":"2021-02-01T22:35:24","slug":"zarate-robaron-en-un-predio-de-los-bomberos-voluntarios-de-zarate","status":"publish","type":"post","link":"https:\/\/eldiariodesanpedro.com.ar\/sitio\/zarate-robaron-en-un-predio-de-los-bomberos-voluntarios-de-zarate\/","title":{"rendered":"Z\u00c1RATE | Robaron en un predio de los bomberos voluntarios de Z\u00e1rate"},"content":{"rendered":"<!-- VideographyWP Plugin Message: Automatic video embedding prevented by plugin options. -->\n\n<p><strong>El hecho ocurri\u00f3 en el hangar, ubicado en la colectora de la ruta N\u00b0 9, que pertenece al cuarte de los bomberos voluntarios de Z\u00e1rate donde proyectaban el armado de un centro de entrenamiento para el personal.&nbsp;<\/strong><\/p>\n\n\n\n<p>Si bien esta no es la primera vez, en esta ocasi\u00f3n se robaron muchos elementos de los bomberos pero adem\u00e1s lo que no pudieron robar lo destrozaron como por ejemplo alarmas, instalaciones el\u00e9ctricas, portones y puertas.<\/p>\n\n\n\n<p>\u201cEstamos soldando los portones porque lo estaban preparando para llev\u00e1rselo\u201d expres\u00f3 en di\u00e1logo con Impacto Local, el bombero Claudio Chaves quien lament\u00f3 lo sucedido. Por el robo, una vez m\u00e1s, nadie vio nada y tampoco se sabe qui\u00e9n o quienes son los autores del atraco. Vale recordar que en el anterior robo que sufrieron, los delincuentes se llevaron las chapas del galp\u00f3n produciendo un da\u00f1o importante para los bomberos.<\/p>\n\n\n\n<p><img decoding=\"async\" width=\"800\" height=\"450\" data-srcset=\"https:\/\/impactolocal.com.ar\/wp-content\/uploads\/2021\/01\/bomberos-robo-6.jpg 800w, https:\/\/impactolocal.com.ar\/wp-content\/uploads\/2021\/01\/bomberos-robo-6-300x169.jpg 300w, https:\/\/impactolocal.com.ar\/wp-content\/uploads\/2021\/01\/bomberos-robo-6-768x432.jpg 768w, https:\/\/impactolocal.com.ar\/wp-content\/uploads\/2021\/01\/bomberos-robo-6-696x392.jpg 696w, https:\/\/impactolocal.com.ar\/wp-content\/uploads\/2021\/01\/bomberos-robo-6-747x420.jpg 747w\" data-src=\"https:\/\/impactolocal.com.ar\/wp-content\/uploads\/2021\/01\/bomberos-robo-6.jpg\" alt=\"\" src=\"data:image\/svg+xml;base64,PHN2ZyB3aWR0aD0iMSIgaGVpZ2h0PSIxIiB4bWxucz0iaHR0cDovL3d3dy53My5vcmcvMjAwMC9zdmciPjwvc3ZnPg==\" class=\"lazyload\" style=\"--smush-placeholder-width: 800px; --smush-placeholder-aspect-ratio: 800\/450;\">\u00a0\u00a0\u00a0\u00a0<\/p>\n\n\n\n<p><\/p>\n","protected":false},"excerpt":{"rendered":"<p>El hecho ocurri\u00f3 en el hangar, ubicado en la colectora de la ruta N\u00b0 9, que pertenece al cuarte de los bomberos voluntarios de Z\u00e1rate donde proyectaban el armado de un centro de entrenamiento para el personal.&nbsp; Si bien esta no es la primera vez, en esta ocasi\u00f3n se robaron muchos elementos de los bomberos [&hellip;]<\/p>\n","protected":false},"author":4,"featured_media":86872,"comment_status":"open","ping_status":"closed","sticky":false,"template":"","format":"standard","meta":{"om_disable_all_campaigns":false,"_jetpack_memberships_contains_paid_content":false,"footnotes":""},"categories":[621],"tags":[],"class_list":["post-86871","post","type-post","status-publish","format-standard","has-post-thumbnail","hentry","category-regionales"],"aioseo_notices":[],"gutentor_comment":0,"jetpack_featured_media_url":"https:\/\/eldiariodesanpedro.com.ar\/sitio\/wp-content\/uploads\/2021\/02\/bomberos-robo-1.jpg","jetpack_shortlink":"https:\/\/wp.me\/p6RhLt-mB9","jetpack_sharing_enabled":true,"_links":{"self":[{"href":"https:\/\/eldiariodesanpedro.com.ar\/sitio\/wp-json\/wp\/v2\/posts\/86871","targetHints":{"allow":["GET"]}}],"collection":[{"href":"https:\/\/eldiariodesanpedro.com.ar\/sitio\/wp-json\/wp\/v2\/posts"}],"about":[{"href":"https:\/\/eldiariodesanpedro.com.ar\/sitio\/wp-json\/wp\/v2\/types\/post"}],"author":[{"embeddable":true,"href":"https:\/\/eldiariodesanpedro.com.ar\/sitio\/wp-json\/wp\/v2\/users\/4"}],"replies":[{"embeddable":true,"href":"https:\/\/eldiariodesanpedro.com.ar\/sitio\/wp-json\/wp\/v2\/comments?post=86871"}],"version-history":[{"count":1,"href":"https:\/\/eldiariodesanpedro.com.ar\/sitio\/wp-json\/wp\/v2\/posts\/86871\/revisions"}],"predecessor-version":[{"id":86873,"href":"https:\/\/eldiariodesanpedro.com.ar\/sitio\/wp-json\/wp\/v2\/posts\/86871\/revisions\/86873"}],"wp:featuredmedia":[{"embeddable":true,"href":"https:\/\/eldiariodesanpedro.com.ar\/sitio\/wp-json\/wp\/v2\/media\/86872"}],"wp:attachment":[{"href":"https:\/\/eldiariodesanpedro.com.ar\/sitio\/wp-json\/wp\/v2\/media?parent=86871"}],"wp:term":[{"taxonomy":"category","embeddable":true,"href":"https:\/\/eldiariodesanpedro.com.ar\/sitio\/wp-json\/wp\/v2\/categories?post=86871"},{"taxonomy":"post_tag","embeddable":true,"href":"https:\/\/eldiariodesanpedro.com.ar\/sitio\/wp-json\/wp\/v2\/tags?post=86871"}],"curies":[{"name":"wp","href":"https:\/\/api.w.org\/{rel}","templated":true}]}}