{"id":86868,"date":"2021-02-01T19:29:37","date_gmt":"2021-02-01T22:29:37","guid":{"rendered":"https:\/\/eldiariodesanpedro.com.ar\/sitio\/?p=86868"},"modified":"2021-02-01T19:29:38","modified_gmt":"2021-02-01T22:29:38","slug":"zarate-la-nina-de-lima-fue-elegida-reina-en-el-certamen-belleza-por-la-naturaleza-guardiana-junior-internacional","status":"publish","type":"post","link":"https:\/\/eldiariodesanpedro.com.ar\/sitio\/zarate-la-nina-de-lima-fue-elegida-reina-en-el-certamen-belleza-por-la-naturaleza-guardiana-junior-internacional\/","title":{"rendered":"Z\u00c1RATE | La ni\u00f1a de Lima fue elegida Reina en el certamen \u201cBelleza por la Naturaleza: Guardiana Junior Internacional\u201d"},"content":{"rendered":"<!-- VideographyWP Plugin Message: Automatic video embedding prevented by plugin options. -->\n\n<p><strong>El certamen internacional \u201cBelleza por la Naturaleza, junior\u201d que se organiza en Ecuador y del que participaron ni\u00f1os de distintos pa\u00edses lleg\u00f3 a su fin y gan\u00f3 Argentina en representaci\u00f3n de Julieta Pradal (10 a\u00f1os), oriunda de Lima.<\/strong><\/p>\n\n\n\n<p>La lime\u00f1a atraves\u00f3 distintas etapas como la presentaci\u00f3n de proyecto relacionado al cuidado del medioambiente, vestido confeccionado con materiales reciclado, tuvo que explicar y realizar exposici\u00f3n de su proyecto.<\/p>\n\n\n\n<p>Adem\u00e1s tambi\u00e9n gan\u00f3 como mejor dise\u00f1o de vestido junto a todo el apoyo constante a trav\u00e9s de las redes sociales de los vecinos de Z\u00e1rate y Lima. A lo largo del a\u00f1o Julieta trabajar\u00e1 en el desarrollo de una plataforma de trabajo relacionado al medioambiente en el distrito junto a la articulaci\u00f3n de organizaciones relacionadas a la tem\u00e1tica.<\/p>\n\n\n\n<p>Fuente: <a href=\"https:\/\/impactolocal.com.ar\/2021\/01\/31\/la-nina-de-lima-fue-elegida-reina-en-el-certamen-belleza-por-la-naturaleza-guardiana-junior-internacional\/\">Impacto Local<\/a><\/p>\n","protected":false},"excerpt":{"rendered":"<p>El certamen internacional \u201cBelleza por la Naturaleza, junior\u201d que se organiza en Ecuador y del que participaron ni\u00f1os de distintos pa\u00edses lleg\u00f3 a su fin y gan\u00f3 Argentina en representaci\u00f3n de Julieta Pradal (10 a\u00f1os), oriunda de Lima. La lime\u00f1a atraves\u00f3 distintas etapas como la presentaci\u00f3n de proyecto relacionado al cuidado del medioambiente, vestido confeccionado [&hellip;]<\/p>\n","protected":false},"author":4,"featured_media":86869,"comment_status":"open","ping_status":"closed","sticky":false,"template":"","format":"standard","meta":{"om_disable_all_campaigns":false,"_jetpack_memberships_contains_paid_content":false,"footnotes":""},"categories":[621],"tags":[],"class_list":["post-86868","post","type-post","status-publish","format-standard","has-post-thumbnail","hentry","category-regionales"],"aioseo_notices":[],"gutentor_comment":0,"jetpack_featured_media_url":"https:\/\/eldiariodesanpedro.com.ar\/sitio\/wp-content\/uploads\/2021\/02\/guardiana.jpg","jetpack_shortlink":"https:\/\/wp.me\/p6RhLt-mB6","jetpack_sharing_enabled":true,"_links":{"self":[{"href":"https:\/\/eldiariodesanpedro.com.ar\/sitio\/wp-json\/wp\/v2\/posts\/86868","targetHints":{"allow":["GET"]}}],"collection":[{"href":"https:\/\/eldiariodesanpedro.com.ar\/sitio\/wp-json\/wp\/v2\/posts"}],"about":[{"href":"https:\/\/eldiariodesanpedro.com.ar\/sitio\/wp-json\/wp\/v2\/types\/post"}],"author":[{"embeddable":true,"href":"https:\/\/eldiariodesanpedro.com.ar\/sitio\/wp-json\/wp\/v2\/users\/4"}],"replies":[{"embeddable":true,"href":"https:\/\/eldiariodesanpedro.com.ar\/sitio\/wp-json\/wp\/v2\/comments?post=86868"}],"version-history":[{"count":1,"href":"https:\/\/eldiariodesanpedro.com.ar\/sitio\/wp-json\/wp\/v2\/posts\/86868\/revisions"}],"predecessor-version":[{"id":86870,"href":"https:\/\/eldiariodesanpedro.com.ar\/sitio\/wp-json\/wp\/v2\/posts\/86868\/revisions\/86870"}],"wp:featuredmedia":[{"embeddable":true,"href":"https:\/\/eldiariodesanpedro.com.ar\/sitio\/wp-json\/wp\/v2\/media\/86869"}],"wp:attachment":[{"href":"https:\/\/eldiariodesanpedro.com.ar\/sitio\/wp-json\/wp\/v2\/media?parent=86868"}],"wp:term":[{"taxonomy":"category","embeddable":true,"href":"https:\/\/eldiariodesanpedro.com.ar\/sitio\/wp-json\/wp\/v2\/categories?post=86868"},{"taxonomy":"post_tag","embeddable":true,"href":"https:\/\/eldiariodesanpedro.com.ar\/sitio\/wp-json\/wp\/v2\/tags?post=86868"}],"curies":[{"name":"wp","href":"https:\/\/api.w.org\/{rel}","templated":true}]}}