{"id":86865,"date":"2021-02-01T19:27:53","date_gmt":"2021-02-01T22:27:53","guid":{"rendered":"https:\/\/eldiariodesanpedro.com.ar\/sitio\/?p=86865"},"modified":"2021-02-01T19:27:57","modified_gmt":"2021-02-01T22:27:57","slug":"zarate-efectivos-policiales-recorrieron-una-zona-misteriosa-del-delta-conocida-como-el-ojo","status":"publish","type":"post","link":"https:\/\/eldiariodesanpedro.com.ar\/sitio\/zarate-efectivos-policiales-recorrieron-una-zona-misteriosa-del-delta-conocida-como-el-ojo\/","title":{"rendered":"Z\u00c1RATE | Efectivos policiales recorrieron una zona misteriosa del Delta conocida como \u201cEl ojo\u201d"},"content":{"rendered":"<!-- VideographyWP Plugin Message: Automatic video embedding prevented by plugin options. -->\n\n<p><strong>D\u00edas pasados se llev\u00f3 a cabo otra recorrida de reconocimiento de terreno y prevenci\u00f3n entre guardaparques del Parque Nacional \u201cCiervo de los Pantanos\u201d y polic\u00edas del Grupo de Apoyo Departamental (GAD) Z\u00e1rate- Campana, perteneciente a las Fuerzas Especiales de la Provincia de Buenos Aires.<\/strong><\/p>\n\n\n\n<p>En este caso se trat\u00f3 del sector conocido como El Ojo, que se encuentra dentro de las parcelas de la ex reserva provincial R\u00edo Luj\u00e1n incorporadas al \u00e1rea protegida con la creaci\u00f3n del Parque Nacional.<\/p>\n\n\n\n<p>En esta oportunidad se encontr\u00f3 el terreno muy seco siendo Pajonales Inundables el ambiente presente en la zona, pero no se detect\u00f3 la presencia de cazadores furtivos.<\/p>\n\n\n\n<p>Fue a principios de diciembre cuando en embarcaciones del Parque Nacional, se iniciaron las recorridas de reconocimiento y prevenci\u00f3n en cursos de agua del \u00e1rea protegida.<\/p>\n\n\n\n<p>Durante aquella recorrida se dio con un campamento de pescadores furtivos y cazadores con perros en un sitio de alto valor cultural conocido como \u201cPuesto Bianchini\u201d, en la intersecci\u00f3n del R\u00edo Luj\u00e1n y el Canal Santa Mar\u00eda. Se procedi\u00f3 al secuestro de trasmallos, ca\u00f1as de pescar, motor de embarcaci\u00f3n, cuchillos, machetes, gomeras, peces y un coipo; as\u00ed como al labrado de las infracciones correspondientes.<\/p>\n\n\n\n<p><strong>EL OJO<br><\/strong>Luego de cruzar la Ruta 9, el r\u00edo Luj\u00e1n describe una gran curva y se pone paralelo al r\u00edo Paran\u00e1, en sentido a Escobar. Es en esa curva donde nace el canal Santa Mar\u00eda, una l\u00ednea recta de 1.5 kil\u00f3metros dentro de la jurisdicci\u00f3n de Parques Nacionales.<\/p>\n\n\n\n<p>La formaci\u00f3n \u201cEl Ojo\u201d fue bautizada as\u00ed por el director y productor de cine Sergio Neuspillerm. Se encuentra a unos 2 mil metros de la margen del canal Santa Mar\u00eda, y a una distancia similar desde el propio r\u00edo Luj\u00e1n, en un terreno agreste y de dif\u00edcil acceso.<\/p>\n\n\n\n<p>Fue en 2016 cuando el lugar capt\u00f3 la atenci\u00f3n de los medios nacionales e internacionales al ser difundido por Neuspillerm quien ese entonces pretend\u00eda recaudar dinero para realizar un documental.<\/p>\n\n\n\n<p>Lo extra\u00f1o de esta isla de 118 metros de di\u00e1metro es que adem\u00e1s de ser un c\u00edrculo casi perfecto, es que gira sobre su propio eje. Algunos lo asocian fen\u00f3menos paranormales ocurridos en la zona, e incluso se lleg\u00f3 a relacionarlo con el fen\u00f3meno OVNI.<\/p>\n\n\n\n<p>Fuente: <a href=\"https:\/\/impactolocal.com.ar\/2021\/01\/31\/efectivos-policiales-recorrieron-una-zona-misteriosa-del-delta-conocida-como-el-ojo\/\">Impacto Local<\/a><\/p>\n","protected":false},"excerpt":{"rendered":"<p>D\u00edas pasados se llev\u00f3 a cabo otra recorrida de reconocimiento de terreno y prevenci\u00f3n entre guardaparques del Parque Nacional \u201cCiervo de los Pantanos\u201d y polic\u00edas del Grupo de Apoyo Departamental (GAD) Z\u00e1rate- Campana, perteneciente a las Fuerzas Especiales de la Provincia de Buenos Aires. En este caso se trat\u00f3 del sector conocido como El Ojo, [&hellip;]<\/p>\n","protected":false},"author":4,"featured_media":86866,"comment_status":"open","ping_status":"closed","sticky":false,"template":"","format":"standard","meta":{"om_disable_all_campaigns":false,"_jetpack_memberships_contains_paid_content":false,"footnotes":""},"categories":[621],"tags":[],"class_list":["post-86865","post","type-post","status-publish","format-standard","has-post-thumbnail","hentry","category-regionales"],"aioseo_notices":[],"gutentor_comment":0,"jetpack_featured_media_url":"https:\/\/eldiariodesanpedro.com.ar\/sitio\/wp-content\/uploads\/2021\/02\/el-ojo-delta.jpg","jetpack_shortlink":"https:\/\/wp.me\/p6RhLt-mB3","jetpack_sharing_enabled":true,"_links":{"self":[{"href":"https:\/\/eldiariodesanpedro.com.ar\/sitio\/wp-json\/wp\/v2\/posts\/86865","targetHints":{"allow":["GET"]}}],"collection":[{"href":"https:\/\/eldiariodesanpedro.com.ar\/sitio\/wp-json\/wp\/v2\/posts"}],"about":[{"href":"https:\/\/eldiariodesanpedro.com.ar\/sitio\/wp-json\/wp\/v2\/types\/post"}],"author":[{"embeddable":true,"href":"https:\/\/eldiariodesanpedro.com.ar\/sitio\/wp-json\/wp\/v2\/users\/4"}],"replies":[{"embeddable":true,"href":"https:\/\/eldiariodesanpedro.com.ar\/sitio\/wp-json\/wp\/v2\/comments?post=86865"}],"version-history":[{"count":1,"href":"https:\/\/eldiariodesanpedro.com.ar\/sitio\/wp-json\/wp\/v2\/posts\/86865\/revisions"}],"predecessor-version":[{"id":86867,"href":"https:\/\/eldiariodesanpedro.com.ar\/sitio\/wp-json\/wp\/v2\/posts\/86865\/revisions\/86867"}],"wp:featuredmedia":[{"embeddable":true,"href":"https:\/\/eldiariodesanpedro.com.ar\/sitio\/wp-json\/wp\/v2\/media\/86866"}],"wp:attachment":[{"href":"https:\/\/eldiariodesanpedro.com.ar\/sitio\/wp-json\/wp\/v2\/media?parent=86865"}],"wp:term":[{"taxonomy":"category","embeddable":true,"href":"https:\/\/eldiariodesanpedro.com.ar\/sitio\/wp-json\/wp\/v2\/categories?post=86865"},{"taxonomy":"post_tag","embeddable":true,"href":"https:\/\/eldiariodesanpedro.com.ar\/sitio\/wp-json\/wp\/v2\/tags?post=86865"}],"curies":[{"name":"wp","href":"https:\/\/api.w.org\/{rel}","templated":true}]}}