{"id":8686,"date":"2016-10-10T18:57:56","date_gmt":"2016-10-10T21:57:56","guid":{"rendered":"https:\/\/eldiariodesanpedro.com.ar\/sitio\/?p=8686"},"modified":"2016-10-10T18:57:56","modified_gmt":"2016-10-10T21:57:56","slug":"secuestraron-16-autos-y-21-motos-en-controles-de-transito","status":"publish","type":"post","link":"https:\/\/eldiariodesanpedro.com.ar\/sitio\/secuestraron-16-autos-y-21-motos-en-controles-de-transito\/","title":{"rendered":"Secuestraron 16 autos y 21 motos en controles de tr\u00e1nsito"},"content":{"rendered":"<p><!-- VideographyWP Plugin Message: Automatic video embedding prevented by plugin options. --><br \/>\nDurante la noche del viernes, la jornada del s\u00e1bado y la madrugada del domingo se llevaron a cabo operativos en distintos puntos de la ciudad.<br \/>\nEl viernes por la noche personal de la Direcci\u00f3n de Tr\u00e1nsito y Nocturnidad secuestr\u00f3 seis autom\u00f3viles y una motocicleta. En tanto que durante la noche del s\u00e1bado y la madrugada de este domingo se secuestraron 10 autos, todos con sus conductores con alcoholemia positiva, y por el mismo motivo tambi\u00e9n 15 motos.<\/p>\n<p>Aprehensi\u00f3n por resistirse a entregar su moto<\/p>\n<p>Ocurri\u00f3 el domingo a la madrugada, cuando el motociclista fue infraccionado por carecer de la documentaci\u00f3n necesaria para conducir. Cuando se le solicit\u00f3 la moto para que sea secuestrada, se resisti\u00f3 forcejeando con personal policial, por lo que fue aprehendido.<br \/>\nSe labraron actuaciones con intervenci\u00f3n de la Fiscal\u00eda N\u00ba 7.<\/p>\n","protected":false},"excerpt":{"rendered":"<p>Durante la noche del viernes, la jornada del s\u00e1bado y la madrugada del domingo se llevaron a cabo operativos en distintos puntos de la ciudad. El viernes por la noche personal de la Direcci\u00f3n de Tr\u00e1nsito y Nocturnidad secuestr\u00f3 seis autom\u00f3viles y una motocicleta. En tanto que durante la noche del s\u00e1bado y la madrugada [&hellip;]<\/p>\n","protected":false},"author":4,"featured_media":3029,"comment_status":"open","ping_status":"closed","sticky":false,"template":"","format":"standard","meta":{"om_disable_all_campaigns":false,"_jetpack_memberships_contains_paid_content":false,"footnotes":""},"categories":[50,2,103],"tags":[],"class_list":["post-8686","post","type-post","status-publish","format-standard","has-post-thumbnail","hentry","category-destacadas","category-locales","category-policiales-locales"],"aioseo_notices":[],"gutentor_comment":1,"jetpack_featured_media_url":"https:\/\/eldiariodesanpedro.com.ar\/sitio\/wp-content\/uploads\/2016\/04\/moto-patrullero.jpg","jetpack_shortlink":"https:\/\/wp.me\/p6RhLt-2g6","jetpack_sharing_enabled":true,"_links":{"self":[{"href":"https:\/\/eldiariodesanpedro.com.ar\/sitio\/wp-json\/wp\/v2\/posts\/8686","targetHints":{"allow":["GET"]}}],"collection":[{"href":"https:\/\/eldiariodesanpedro.com.ar\/sitio\/wp-json\/wp\/v2\/posts"}],"about":[{"href":"https:\/\/eldiariodesanpedro.com.ar\/sitio\/wp-json\/wp\/v2\/types\/post"}],"author":[{"embeddable":true,"href":"https:\/\/eldiariodesanpedro.com.ar\/sitio\/wp-json\/wp\/v2\/users\/4"}],"replies":[{"embeddable":true,"href":"https:\/\/eldiariodesanpedro.com.ar\/sitio\/wp-json\/wp\/v2\/comments?post=8686"}],"version-history":[{"count":1,"href":"https:\/\/eldiariodesanpedro.com.ar\/sitio\/wp-json\/wp\/v2\/posts\/8686\/revisions"}],"predecessor-version":[{"id":8687,"href":"https:\/\/eldiariodesanpedro.com.ar\/sitio\/wp-json\/wp\/v2\/posts\/8686\/revisions\/8687"}],"wp:featuredmedia":[{"embeddable":true,"href":"https:\/\/eldiariodesanpedro.com.ar\/sitio\/wp-json\/wp\/v2\/media\/3029"}],"wp:attachment":[{"href":"https:\/\/eldiariodesanpedro.com.ar\/sitio\/wp-json\/wp\/v2\/media?parent=8686"}],"wp:term":[{"taxonomy":"category","embeddable":true,"href":"https:\/\/eldiariodesanpedro.com.ar\/sitio\/wp-json\/wp\/v2\/categories?post=8686"},{"taxonomy":"post_tag","embeddable":true,"href":"https:\/\/eldiariodesanpedro.com.ar\/sitio\/wp-json\/wp\/v2\/tags?post=8686"}],"curies":[{"name":"wp","href":"https:\/\/api.w.org\/{rel}","templated":true}]}}