{"id":86859,"date":"2021-02-01T19:20:03","date_gmt":"2021-02-01T22:20:03","guid":{"rendered":"https:\/\/eldiariodesanpedro.com.ar\/sitio\/?p=86859"},"modified":"2021-02-01T19:20:06","modified_gmt":"2021-02-01T22:20:06","slug":"campana-policia-rural-detuvo-a-dos-sujetos-por-el-trafico-de-pollitos-y-cotorras-en-el-baul","status":"publish","type":"post","link":"https:\/\/eldiariodesanpedro.com.ar\/sitio\/campana-policia-rural-detuvo-a-dos-sujetos-por-el-trafico-de-pollitos-y-cotorras-en-el-baul\/","title":{"rendered":"CAMPANA | Polic\u00eda Rural detuvo a dos sujetos por el tr\u00e1fico de pollitos y cotorras en el ba\u00fal"},"content":{"rendered":"<!-- VideographyWP Plugin Message: Automatic video embedding prevented by plugin options. -->\n\n<p>En la parte trasera de un auto y hacinadas en cajas, las aves eras transportadas con destino de venta. El veh\u00edculo fue secuestrado y los animales entregados a una ONG proteccionista. El hecho qued\u00f3 en manos de la Justicia local.<\/p>\n\n\n\n<p>Dos sujetos fueron detenidos cuando traficaban aves en un Ford Fiesta, siendo sorprendidos por un control de tr\u00e1nsito que tuvo lugar en la vecina localidad de Z\u00e1rate.<\/p>\n\n\n\n<p>El hecho requiri\u00f3 la intervenci\u00f3n judicial por parte de la UFI N\u00b01 de nuestra Ciudad, a cargo de la Dra. Mabel Amoretti, por infracci\u00f3n a la ley de Fauna N\u00b022421. Los detenidos, un jubilado de 68 a\u00f1os con domicilio en Merlo, y su acompa\u00f1ante de 61 y oriundo de Balvanera.<\/p>\n\n\n\n<p>Ambos, circulaban en el mencionado auto transportando en el ba\u00fal 90 pollitos beb\u00e9s (de unos 15 d\u00edas), 36 cotorras tambi\u00e9n peque\u00f1as (de unos 20 d\u00edas) y 4&nbsp; adultas. Tras la incautaci\u00f3n del rodado, ambos sujetos fueron trasladados a la seccional policial Zarate Primera.<\/p>\n\n\n\n<p>En tanto que las aves fueron derivadas a la ONG hogar de aves rapases \u201cP\u00e1jaros Ca\u00eddos\u201d de Campana, quienes quedaron a cargo de su cuidado.<\/p>\n\n\n\n<p>Fuente: <a href=\"https:\/\/www.campananoticias.com\/noticia\/65750\/polica-rural-detuvo-a-dos-sujetos-por-el-trfico-de-pollitos-y-cotorras-en-el-bal\">Campana Noticias<\/a><\/p>\n","protected":false},"excerpt":{"rendered":"<p>En la parte trasera de un auto y hacinadas en cajas, las aves eras transportadas con destino de venta. El veh\u00edculo fue secuestrado y los animales entregados a una ONG proteccionista. El hecho qued\u00f3 en manos de la Justicia local. Dos sujetos fueron detenidos cuando traficaban aves en un Ford Fiesta, siendo sorprendidos por un [&hellip;]<\/p>\n","protected":false},"author":4,"featured_media":86860,"comment_status":"open","ping_status":"closed","sticky":false,"template":"","format":"standard","meta":{"om_disable_all_campaigns":false,"_jetpack_memberships_contains_paid_content":false,"footnotes":""},"categories":[621],"tags":[],"class_list":["post-86859","post","type-post","status-publish","format-standard","has-post-thumbnail","hentry","category-regionales"],"aioseo_notices":[],"gutentor_comment":0,"jetpack_featured_media_url":"https:\/\/eldiariodesanpedro.com.ar\/sitio\/wp-content\/uploads\/2021\/02\/20210131092929.jpg","jetpack_shortlink":"https:\/\/wp.me\/p6RhLt-mAX","jetpack_sharing_enabled":true,"_links":{"self":[{"href":"https:\/\/eldiariodesanpedro.com.ar\/sitio\/wp-json\/wp\/v2\/posts\/86859","targetHints":{"allow":["GET"]}}],"collection":[{"href":"https:\/\/eldiariodesanpedro.com.ar\/sitio\/wp-json\/wp\/v2\/posts"}],"about":[{"href":"https:\/\/eldiariodesanpedro.com.ar\/sitio\/wp-json\/wp\/v2\/types\/post"}],"author":[{"embeddable":true,"href":"https:\/\/eldiariodesanpedro.com.ar\/sitio\/wp-json\/wp\/v2\/users\/4"}],"replies":[{"embeddable":true,"href":"https:\/\/eldiariodesanpedro.com.ar\/sitio\/wp-json\/wp\/v2\/comments?post=86859"}],"version-history":[{"count":1,"href":"https:\/\/eldiariodesanpedro.com.ar\/sitio\/wp-json\/wp\/v2\/posts\/86859\/revisions"}],"predecessor-version":[{"id":86861,"href":"https:\/\/eldiariodesanpedro.com.ar\/sitio\/wp-json\/wp\/v2\/posts\/86859\/revisions\/86861"}],"wp:featuredmedia":[{"embeddable":true,"href":"https:\/\/eldiariodesanpedro.com.ar\/sitio\/wp-json\/wp\/v2\/media\/86860"}],"wp:attachment":[{"href":"https:\/\/eldiariodesanpedro.com.ar\/sitio\/wp-json\/wp\/v2\/media?parent=86859"}],"wp:term":[{"taxonomy":"category","embeddable":true,"href":"https:\/\/eldiariodesanpedro.com.ar\/sitio\/wp-json\/wp\/v2\/categories?post=86859"},{"taxonomy":"post_tag","embeddable":true,"href":"https:\/\/eldiariodesanpedro.com.ar\/sitio\/wp-json\/wp\/v2\/tags?post=86859"}],"curies":[{"name":"wp","href":"https:\/\/api.w.org\/{rel}","templated":true}]}}