{"id":86856,"date":"2021-02-01T19:17:51","date_gmt":"2021-02-01T22:17:51","guid":{"rendered":"https:\/\/eldiariodesanpedro.com.ar\/sitio\/?p=86856"},"modified":"2021-02-01T19:17:52","modified_gmt":"2021-02-01T22:17:52","slug":"campana-tras-mucho-tiempo-la-altura-del-rio-parana-en-campana-cerca-del-nivel-de-alerta","status":"publish","type":"post","link":"https:\/\/eldiariodesanpedro.com.ar\/sitio\/campana-tras-mucho-tiempo-la-altura-del-rio-parana-en-campana-cerca-del-nivel-de-alerta\/","title":{"rendered":"CAMPANA | Tras mucho tiempo, la altura del R\u00edo Paran\u00e1 en Campana cerca del nivel de \u201calerta\u201d"},"content":{"rendered":"<!-- VideographyWP Plugin Message: Automatic video embedding prevented by plugin options. -->\n\n<p>Seg\u00fan los datos oficiales brindados por la Prefectura Naval Argentina, el nivel para el estado de alerta en Campana es de 2.20 metros; el registro para le evacuaci\u00f3n, de 2.45 metros. A medianoche del 31 de enero (primera hora de dicho d\u00eda), un registro de 2.05 metros.<\/p>\n\n\n\n<p>Despu\u00e9s de una importante sequ\u00eda y bajante del caudal de agua del r\u00edo, no solo en esta zona sino tambi\u00e9n en el norte de nuestra Mesopotamia, tal vez las \u00faltimas lluvias ca\u00eddas en nuestra ciudad y zona de influencia, o la creciente dada en el R\u00edo de la Plata, quiz\u00e1s esto y otros factores hayan confluido para que tras mucho tiempo el registro en metros en el Puerto Campana en el Delta del R\u00edo Paran\u00e1 estuviera cerca del nivel de alerta.<\/p>\n\n\n\n<p>Seg\u00fan los datos oficiales brindados por la Prefectura Naval Argentina, el nivel para el estado de alerta en Campana es de 2.20 metros; el registro para le evacuaci\u00f3n, de 2.45 metros.<\/p>\n\n\n\n<p>\u00bfCu\u00e1l fue la altura que se tom\u00f3 oficialmente? A medianoche del 31 de enero (primera hora de dicho d\u00eda), un registro de 2.05 metros mientras que, al mediod\u00eda de la \u00faltima jornada del primer mes del a\u00f1o, 1.70 metros.<\/p>\n\n\n\n<p>Para buscar datos que superen los dos metros de altura del agua en el Puerto de Campana hay que ir hasta el \u00faltimo 3 de octubre del 2020, con un registro de 2.05 metros, seg\u00fan Prefectura.<\/p>\n\n\n\n<p>Habr\u00e1 que estar atentos teniendo en cuenta las condiciones clim\u00e1ticas que, desde el Servicio Meteorol\u00f3gico Nacional (SMN) presagian la continuidad de las lluvias al menos hasta el pr\u00f3ximo jueves 4.<\/p>\n\n\n\n<p>Otras localidades<\/p>\n\n\n\n<p>Entonces, tambi\u00e9n buscamos datos relacionados con los Distritos vecinos para conocer los registros:<\/p>\n\n\n\n<p>&#8211; Z\u00e1rate registr\u00f3 una altura de 2.10 metros, muy pr\u00f3xima a su nivel de alerta (2.20 metros) y de evacuaci\u00f3n (2.40 metros).<\/p>\n\n\n\n<p>&#8211; Escobar, por su parte, registr\u00f3 una altura de 2.30 metros, siendo la altura de alerta de 3.00 metros, y de evacuaci\u00f3n de 3.50 metros.<\/p>\n\n\n\n<p>Adem\u00e1s, el estado de la altura del r\u00edo dice \u201ccrece\u201d, en el informe de PNA, para los puertos de Rosario, Villa Constituci\u00f3n, San Nicol\u00e1s, Ramallo, San Pedro y Baradero.<\/p>\n\n\n\n<p>Fuente: <a href=\"https:\/\/www.campananoticias.com\/noticia\/65753\/tras-mucho-tiempo-la-altura-del-ro-paran-en-campana-cerca-del-nivel-de-alerta\">Campana Noticias<\/a><\/p>\n\n\n\n<p><\/p>\n","protected":false},"excerpt":{"rendered":"<p>Seg\u00fan los datos oficiales brindados por la Prefectura Naval Argentina, el nivel para el estado de alerta en Campana es de 2.20 metros; el registro para le evacuaci\u00f3n, de 2.45 metros. A medianoche del 31 de enero (primera hora de dicho d\u00eda), un registro de 2.05 metros. Despu\u00e9s de una importante sequ\u00eda y bajante del [&hellip;]<\/p>\n","protected":false},"author":4,"featured_media":86857,"comment_status":"open","ping_status":"closed","sticky":false,"template":"","format":"standard","meta":{"om_disable_all_campaigns":false,"_jetpack_memberships_contains_paid_content":false,"footnotes":""},"categories":[621],"tags":[],"class_list":["post-86856","post","type-post","status-publish","format-standard","has-post-thumbnail","hentry","category-regionales"],"aioseo_notices":[],"gutentor_comment":0,"jetpack_featured_media_url":"https:\/\/eldiariodesanpedro.com.ar\/sitio\/wp-content\/uploads\/2021\/02\/20210131101940.jpg","jetpack_shortlink":"https:\/\/wp.me\/p6RhLt-mAU","jetpack_sharing_enabled":true,"_links":{"self":[{"href":"https:\/\/eldiariodesanpedro.com.ar\/sitio\/wp-json\/wp\/v2\/posts\/86856","targetHints":{"allow":["GET"]}}],"collection":[{"href":"https:\/\/eldiariodesanpedro.com.ar\/sitio\/wp-json\/wp\/v2\/posts"}],"about":[{"href":"https:\/\/eldiariodesanpedro.com.ar\/sitio\/wp-json\/wp\/v2\/types\/post"}],"author":[{"embeddable":true,"href":"https:\/\/eldiariodesanpedro.com.ar\/sitio\/wp-json\/wp\/v2\/users\/4"}],"replies":[{"embeddable":true,"href":"https:\/\/eldiariodesanpedro.com.ar\/sitio\/wp-json\/wp\/v2\/comments?post=86856"}],"version-history":[{"count":1,"href":"https:\/\/eldiariodesanpedro.com.ar\/sitio\/wp-json\/wp\/v2\/posts\/86856\/revisions"}],"predecessor-version":[{"id":86858,"href":"https:\/\/eldiariodesanpedro.com.ar\/sitio\/wp-json\/wp\/v2\/posts\/86856\/revisions\/86858"}],"wp:featuredmedia":[{"embeddable":true,"href":"https:\/\/eldiariodesanpedro.com.ar\/sitio\/wp-json\/wp\/v2\/media\/86857"}],"wp:attachment":[{"href":"https:\/\/eldiariodesanpedro.com.ar\/sitio\/wp-json\/wp\/v2\/media?parent=86856"}],"wp:term":[{"taxonomy":"category","embeddable":true,"href":"https:\/\/eldiariodesanpedro.com.ar\/sitio\/wp-json\/wp\/v2\/categories?post=86856"},{"taxonomy":"post_tag","embeddable":true,"href":"https:\/\/eldiariodesanpedro.com.ar\/sitio\/wp-json\/wp\/v2\/tags?post=86856"}],"curies":[{"name":"wp","href":"https:\/\/api.w.org\/{rel}","templated":true}]}}