{"id":86853,"date":"2021-02-01T19:13:37","date_gmt":"2021-02-01T22:13:37","guid":{"rendered":"https:\/\/eldiariodesanpedro.com.ar\/sitio\/?p=86853"},"modified":"2021-02-01T19:13:42","modified_gmt":"2021-02-01T22:13:42","slug":"baradero-robaron-un-camion-de-una-empresa-transportista-de-nuestra-ciudad","status":"publish","type":"post","link":"https:\/\/eldiariodesanpedro.com.ar\/sitio\/baradero-robaron-un-camion-de-una-empresa-transportista-de-nuestra-ciudad\/","title":{"rendered":"BARADERO | Robaron un cami\u00f3n de una empresa transportista de nuestra ciudad"},"content":{"rendered":"<!-- VideographyWP Plugin Message: Automatic video embedding prevented by plugin options. -->\n\n<p>El hecho ocurri\u00f3 hoy alrededor de las 7:30 am en la vecina ciudad de Z\u00e1rate. Se trata de un cami\u00f3n marca Scania correspondiente a la firma Torrano.<\/p>\n\n\n\n<p>Desde la empresa, afirmaron que se tom\u00f3 conocimiento de que hasta el momento, s\u00f3lo encontraron el semirremolque en Campana.<\/p>\n\n\n\n<p>Fuente: <a href=\"http:\/\/tiemponoticias.com.ar\/noba\/2021\/02\/01\/robaron-un-camion-de-una-empresa-transportista-de-nuestra-ciudad\/\">Tiempo Noticias<\/a><\/p>\n","protected":false},"excerpt":{"rendered":"<p>El hecho ocurri\u00f3 hoy alrededor de las 7:30 am en la vecina ciudad de Z\u00e1rate. Se trata de un cami\u00f3n marca Scania correspondiente a la firma Torrano. Desde la empresa, afirmaron que se tom\u00f3 conocimiento de que hasta el momento, s\u00f3lo encontraron el semirremolque en Campana. Fuente: Tiempo Noticias<\/p>\n","protected":false},"author":4,"featured_media":86854,"comment_status":"open","ping_status":"closed","sticky":false,"template":"","format":"standard","meta":{"om_disable_all_campaigns":false,"_jetpack_memberships_contains_paid_content":false,"footnotes":""},"categories":[621],"tags":[],"class_list":["post-86853","post","type-post","status-publish","format-standard","has-post-thumbnail","hentry","category-regionales"],"aioseo_notices":[],"gutentor_comment":0,"jetpack_featured_media_url":"https:\/\/eldiariodesanpedro.com.ar\/sitio\/wp-content\/uploads\/2021\/02\/144233539_1628306357357361_2969244679542124617_n.jpg","jetpack_shortlink":"https:\/\/wp.me\/p6RhLt-mAR","jetpack_sharing_enabled":true,"_links":{"self":[{"href":"https:\/\/eldiariodesanpedro.com.ar\/sitio\/wp-json\/wp\/v2\/posts\/86853","targetHints":{"allow":["GET"]}}],"collection":[{"href":"https:\/\/eldiariodesanpedro.com.ar\/sitio\/wp-json\/wp\/v2\/posts"}],"about":[{"href":"https:\/\/eldiariodesanpedro.com.ar\/sitio\/wp-json\/wp\/v2\/types\/post"}],"author":[{"embeddable":true,"href":"https:\/\/eldiariodesanpedro.com.ar\/sitio\/wp-json\/wp\/v2\/users\/4"}],"replies":[{"embeddable":true,"href":"https:\/\/eldiariodesanpedro.com.ar\/sitio\/wp-json\/wp\/v2\/comments?post=86853"}],"version-history":[{"count":1,"href":"https:\/\/eldiariodesanpedro.com.ar\/sitio\/wp-json\/wp\/v2\/posts\/86853\/revisions"}],"predecessor-version":[{"id":86855,"href":"https:\/\/eldiariodesanpedro.com.ar\/sitio\/wp-json\/wp\/v2\/posts\/86853\/revisions\/86855"}],"wp:featuredmedia":[{"embeddable":true,"href":"https:\/\/eldiariodesanpedro.com.ar\/sitio\/wp-json\/wp\/v2\/media\/86854"}],"wp:attachment":[{"href":"https:\/\/eldiariodesanpedro.com.ar\/sitio\/wp-json\/wp\/v2\/media?parent=86853"}],"wp:term":[{"taxonomy":"category","embeddable":true,"href":"https:\/\/eldiariodesanpedro.com.ar\/sitio\/wp-json\/wp\/v2\/categories?post=86853"},{"taxonomy":"post_tag","embeddable":true,"href":"https:\/\/eldiariodesanpedro.com.ar\/sitio\/wp-json\/wp\/v2\/tags?post=86853"}],"curies":[{"name":"wp","href":"https:\/\/api.w.org\/{rel}","templated":true}]}}