{"id":86850,"date":"2021-02-01T19:12:10","date_gmt":"2021-02-01T22:12:10","guid":{"rendered":"https:\/\/eldiariodesanpedro.com.ar\/sitio\/?p=86850"},"modified":"2021-02-01T19:12:11","modified_gmt":"2021-02-01T22:12:11","slug":"san-nicolas-secuestran-numerosas-armas-en-barrio-las-mellizas","status":"publish","type":"post","link":"https:\/\/eldiariodesanpedro.com.ar\/sitio\/san-nicolas-secuestran-numerosas-armas-en-barrio-las-mellizas\/","title":{"rendered":"SAN NICOL\u00c1S | Secuestran numerosas armas en barrio las mellizas"},"content":{"rendered":"<!-- VideographyWP Plugin Message: Automatic video embedding prevented by plugin options. -->\n\n<p>En el marco de la investigaci\u00f3n de un grave conflicto ocurrido en barrio Las Mellizas donde hubo detonaciones de armas de fuego y enfrentamiento con armas blancas, se produjeron nuevos allanamientos en los que se secuestraron dos escopetas y una pistola 9 mm. Asimismo en un allanamiento en zona sur incautaron plantas de marihuana.<\/p>\n\n\n\n<p>En barrio Las Mellizas se produjeron graves incidentes tras un enfrentamiento entre dos familias que mantienen diferencias de larga data, produci\u00e9ndose cuatro detenciones y el secuestro de un machete. Asimismo durante la gresca se habr\u00edan producido detonaciones de armas de fuego, pero al realizarse un par de allanamientos de urgencia no se hab\u00edan secuestrado las supuestas armas utilizadas. Ayer, continuando con las tareas investigativas, se efectu\u00f3 un allanamiento en calle Zaracondegui al 300, esta vez con resultado positivo, secuestr\u00e1ndose una escopeta de dos ca\u00f1os calibre 24 mm, una escopeta de un ca\u00f1o calibre 12 mm, una pistola Taurus calibre 9 mm con sus respectivos cargadores completos y cartucher\u00eda del mismo calibre.<\/p>\n\n\n\n<p>Allanamiento<\/p>\n\n\n\n<p>Personal del Gabinete Criminol\u00f3gico de la Comisar\u00eda Segunda, en el marco de la investigaci\u00f3n de un robo ocurrido el 28 de enero, tras tareas investigativas, arduo trabajo de campo y declaraciones recibidas, lograron establecer qui\u00e9n ser\u00eda el presunto autor del delito, por lo que se solicitaron \u00f3rdenes de allanamiento, las cuales fueron otorgadas por el Juzgado de Garant\u00edas nro. 3 SS Dra. Maiztegui, para una vivienda de calle Juncal. El operativo, que fue efectuado por efectivos de la Comisar\u00eda Segunda juntamente con DDI San Nicol\u00e1s, Comando de Patrullas y Polic\u00eda local, tuvo resultado positivo procedi\u00e9ndose a la aprehensi\u00f3n de Sebasti\u00e1n Pav\u00f3n, de 21 a\u00f1os, y al secuestro de una planta de marihuana de 12,5 g.<\/p>\n\n\n\n<p>Fuente: Diario El Norte.<\/p>\n","protected":false},"excerpt":{"rendered":"<p>En el marco de la investigaci\u00f3n de un grave conflicto ocurrido en barrio Las Mellizas donde hubo detonaciones de armas de fuego y enfrentamiento con armas blancas, se produjeron nuevos allanamientos en los que se secuestraron dos escopetas y una pistola 9 mm. Asimismo en un allanamiento en zona sur incautaron plantas de marihuana. En [&hellip;]<\/p>\n","protected":false},"author":4,"featured_media":86851,"comment_status":"open","ping_status":"closed","sticky":false,"template":"","format":"standard","meta":{"om_disable_all_campaigns":false,"_jetpack_memberships_contains_paid_content":false,"footnotes":""},"categories":[621],"tags":[],"class_list":["post-86850","post","type-post","status-publish","format-standard","has-post-thumbnail","hentry","category-regionales"],"aioseo_notices":[],"gutentor_comment":0,"jetpack_featured_media_url":"https:\/\/eldiariodesanpedro.com.ar\/sitio\/wp-content\/uploads\/2021\/02\/1.jpg","jetpack_shortlink":"https:\/\/wp.me\/p6RhLt-mAO","jetpack_sharing_enabled":true,"_links":{"self":[{"href":"https:\/\/eldiariodesanpedro.com.ar\/sitio\/wp-json\/wp\/v2\/posts\/86850","targetHints":{"allow":["GET"]}}],"collection":[{"href":"https:\/\/eldiariodesanpedro.com.ar\/sitio\/wp-json\/wp\/v2\/posts"}],"about":[{"href":"https:\/\/eldiariodesanpedro.com.ar\/sitio\/wp-json\/wp\/v2\/types\/post"}],"author":[{"embeddable":true,"href":"https:\/\/eldiariodesanpedro.com.ar\/sitio\/wp-json\/wp\/v2\/users\/4"}],"replies":[{"embeddable":true,"href":"https:\/\/eldiariodesanpedro.com.ar\/sitio\/wp-json\/wp\/v2\/comments?post=86850"}],"version-history":[{"count":1,"href":"https:\/\/eldiariodesanpedro.com.ar\/sitio\/wp-json\/wp\/v2\/posts\/86850\/revisions"}],"predecessor-version":[{"id":86852,"href":"https:\/\/eldiariodesanpedro.com.ar\/sitio\/wp-json\/wp\/v2\/posts\/86850\/revisions\/86852"}],"wp:featuredmedia":[{"embeddable":true,"href":"https:\/\/eldiariodesanpedro.com.ar\/sitio\/wp-json\/wp\/v2\/media\/86851"}],"wp:attachment":[{"href":"https:\/\/eldiariodesanpedro.com.ar\/sitio\/wp-json\/wp\/v2\/media?parent=86850"}],"wp:term":[{"taxonomy":"category","embeddable":true,"href":"https:\/\/eldiariodesanpedro.com.ar\/sitio\/wp-json\/wp\/v2\/categories?post=86850"},{"taxonomy":"post_tag","embeddable":true,"href":"https:\/\/eldiariodesanpedro.com.ar\/sitio\/wp-json\/wp\/v2\/tags?post=86850"}],"curies":[{"name":"wp","href":"https:\/\/api.w.org\/{rel}","templated":true}]}}