{"id":86848,"date":"2021-02-01T18:43:55","date_gmt":"2021-02-01T21:43:55","guid":{"rendered":"https:\/\/eldiariodesanpedro.com.ar\/sitio\/?p=86848"},"modified":"2021-02-01T18:43:59","modified_gmt":"2021-02-01T21:43:59","slug":"se-recibieron-7-positivos-y-23-negativos-continua-la-tendencia-bajante","status":"publish","type":"post","link":"https:\/\/eldiariodesanpedro.com.ar\/sitio\/se-recibieron-7-positivos-y-23-negativos-continua-la-tendencia-bajante\/","title":{"rendered":"Se recibieron 7 positivos y 23 negativos, continua la tendencia bajante"},"content":{"rendered":"<!-- VideographyWP Plugin Message: Automatic video embedding prevented by plugin options. -->\n\n<p>La Secretar\u00eda de Salud de la Municipalidad de San Pedro brinda el informe oficial diario actualizado con datos recopilados hasta el momento con relaci\u00f3n al seguimiento a la Pandemia de Covid-19.<\/p>\n\n\n\n<p>INFORME DIARIO<br>Se recibieron 30 resultados de las muestras enviadas el d\u00eda 31 de enero al Laboratorio Central Lab, que sumaron 23 negativos y 7 positivos que corresponden a mujeres de 39, 50, 51, 62 y 74 a\u00f1os; y hombres de 38 y 70 a\u00f1os.<br>Total de nuevos positivos: 7<br>Total de nuevos negativos: 23<\/p>\n\n\n\n<p>FALLECIMIENTOS<br>Ayer se inform\u00f3 el deceso de la Sra. Susana S\u00e1nchez, de 66 a\u00f1os, diagnosticada como caso positivo de Covid-19.<br>Hacemos llegar a sus familias y seres queridos nuestras m\u00e1s sinceras condolencias.<\/p>\n\n\n\n<p>Resumen actualizado de informaci\u00f3n oficial<br>Positivos desde el inicio de la Pandemia: 2184<br>Activos: 136<br>Recuperados: 1974<br>Fallecidos: 74<br>\u00daltimo env\u00edo de muestras: 00<br>Muestras pendientes: 1<br>Negativos desde el inicio de la Pandemia: 3068<br>Los datos consignados en este informe corresponden a ex\u00e1menes realizados por PCR.<\/p>\n\n\n\n<p>&#x1f449; Usar tapabocas.<br>&#x1f449; Mantener la distancia m\u00ednima de 2 metros.<br>&#x1f449; Extremar la higiene de los espacios.<br>&#x1f449; Mantener las manos limpias.<\/p>\n\n\n\n<p>Se recuerda que, ante s\u00edntomas de tos seca, fiebre y dolor de garganta y la probabilidad de haber estado en contacto con enfermos o viajeros llegados desde las zonas transmisi\u00f3n local o comunitaria se puede llamar al 148 o 107.<\/p>\n","protected":false},"excerpt":{"rendered":"<p>La Secretar\u00eda de Salud de la Municipalidad de San Pedro brinda el informe oficial diario actualizado con datos recopilados hasta el momento con relaci\u00f3n al seguimiento a la Pandemia de Covid-19. INFORME DIARIOSe recibieron 30 resultados de las muestras enviadas el d\u00eda 31 de enero al Laboratorio Central Lab, que sumaron 23 negativos y 7 [&hellip;]<\/p>\n","protected":false},"author":4,"featured_media":78783,"comment_status":"open","ping_status":"closed","sticky":false,"template":"","format":"standard","meta":{"om_disable_all_campaigns":false,"_jetpack_memberships_contains_paid_content":false,"footnotes":""},"categories":[50,101,2],"tags":[],"class_list":["post-86848","post","type-post","status-publish","format-standard","has-post-thumbnail","hentry","category-destacadas","category-interes-general-locales","category-locales"],"aioseo_notices":[],"gutentor_comment":0,"jetpack_featured_media_url":"https:\/\/eldiariodesanpedro.com.ar\/sitio\/wp-content\/uploads\/2020\/08\/coronavirus-positivo-2.jpg","jetpack_shortlink":"https:\/\/wp.me\/p6RhLt-mAM","jetpack_sharing_enabled":true,"_links":{"self":[{"href":"https:\/\/eldiariodesanpedro.com.ar\/sitio\/wp-json\/wp\/v2\/posts\/86848","targetHints":{"allow":["GET"]}}],"collection":[{"href":"https:\/\/eldiariodesanpedro.com.ar\/sitio\/wp-json\/wp\/v2\/posts"}],"about":[{"href":"https:\/\/eldiariodesanpedro.com.ar\/sitio\/wp-json\/wp\/v2\/types\/post"}],"author":[{"embeddable":true,"href":"https:\/\/eldiariodesanpedro.com.ar\/sitio\/wp-json\/wp\/v2\/users\/4"}],"replies":[{"embeddable":true,"href":"https:\/\/eldiariodesanpedro.com.ar\/sitio\/wp-json\/wp\/v2\/comments?post=86848"}],"version-history":[{"count":1,"href":"https:\/\/eldiariodesanpedro.com.ar\/sitio\/wp-json\/wp\/v2\/posts\/86848\/revisions"}],"predecessor-version":[{"id":86849,"href":"https:\/\/eldiariodesanpedro.com.ar\/sitio\/wp-json\/wp\/v2\/posts\/86848\/revisions\/86849"}],"wp:featuredmedia":[{"embeddable":true,"href":"https:\/\/eldiariodesanpedro.com.ar\/sitio\/wp-json\/wp\/v2\/media\/78783"}],"wp:attachment":[{"href":"https:\/\/eldiariodesanpedro.com.ar\/sitio\/wp-json\/wp\/v2\/media?parent=86848"}],"wp:term":[{"taxonomy":"category","embeddable":true,"href":"https:\/\/eldiariodesanpedro.com.ar\/sitio\/wp-json\/wp\/v2\/categories?post=86848"},{"taxonomy":"post_tag","embeddable":true,"href":"https:\/\/eldiariodesanpedro.com.ar\/sitio\/wp-json\/wp\/v2\/tags?post=86848"}],"curies":[{"name":"wp","href":"https:\/\/api.w.org\/{rel}","templated":true}]}}