{"id":86844,"date":"2021-02-01T12:50:41","date_gmt":"2021-02-01T15:50:41","guid":{"rendered":"https:\/\/eldiariodesanpedro.com.ar\/sitio\/?p=86844"},"modified":"2021-02-01T12:50:46","modified_gmt":"2021-02-01T15:50:46","slug":"el-programa-de-mario-markic-en-el-camino-mostro-a-san-pedro","status":"publish","type":"post","link":"https:\/\/eldiariodesanpedro.com.ar\/sitio\/el-programa-de-mario-markic-en-el-camino-mostro-a-san-pedro\/","title":{"rendered":"El programa de Mario Markic \u00abEn el camino\u00bb mostr\u00f3 a San Pedro"},"content":{"rendered":"<!-- VideographyWP Plugin Message: Automatic video embedding prevented by plugin options. -->\n\n<p>Las im\u00e1genes se pudieron ver el viernes y el domingo, compartiendo algunos de los hechos y lugares hist\u00f3ricos de la ciudad.<\/p>\n\n\n\n<figure class=\"wp-block-embed-youtube wp-block-embed is-type-video is-provider-youtube wp-embed-aspect-16-9 wp-has-aspect-ratio\"><div class=\"wp-block-embed__wrapper\">\n<iframe  style=\"display: block; margin: 0px auto;\"  id=\"_ytid_45247\"  width=\"640\" height=\"360\"  data-origwidth=\"640\" data-origheight=\"360\" src=\"https:\/\/www.youtube.com\/embed\/lGwIQPXNTLw?enablejsapi=1&#038;autoplay=0&#038;cc_load_policy=0&#038;cc_lang_pref=&#038;iv_load_policy=1&#038;loop=0&#038;rel=1&#038;fs=1&#038;playsinline=0&#038;autohide=2&#038;theme=dark&#038;color=red&#038;controls=1&#038;disablekb=0&#038;\" class=\"__youtube_prefs__  epyt-is-override  no-lazyload\" title=\"YouTube player\"  allow=\"fullscreen; accelerometer; autoplay; clipboard-write; encrypted-media; gyroscope; picture-in-picture; web-share\" referrerpolicy=\"strict-origin-when-cross-origin\" allowfullscreen data-no-lazy=\"1\" data-skipgform_ajax_framebjll=\"\"><\/iframe>\n<\/div><\/figure>\n\n\n\n<p>Uno de los programas hist\u00f3ricos de la TV y m\u00e1s vistos de la se\u00f1al de TN es \u201cEn el Camino\u201d, un programa con estilo propio y que conduce el periodista Mario Markic, y que de arranque record\u00f3 su pas\u00f3 por San Pedro cuando en su \u00e9poca de estudiante pasaba por radio Apa junto a Quique Matab\u00f3s.<\/p>\n\n\n\n<p>El programa tuvo dos emisiones, el viernes a las 22 y el domingo a las 21 horas. A lo largo de la hora que dura \u201cEn el Camino\u201d se mostraron distintos aspectos de la ciudad en su mayor\u00eda vinculados a la historia y algunos de los hechos m\u00e1s significativos, porque a decir verdad la ciudad tiene muchas m\u00e1s cosas para mostrar pero es muy dif\u00edcil resumir todo en sesenta minutos.<\/p>\n\n\n\n<p>Markic fue mostrando lo que signific\u00f3 la Batalla de Obligado desde el propio sitio hist\u00f3rico y lo significativo que fue el hallazgo de las cadenas.<\/p>\n\n\n\n<p>Luego se dirigi\u00f3 a la sede de Agrupaci\u00f3n Mallorca para participar de la producci\u00f3n de la tradicional ensaimada mallorquina destacando que es de lo m\u00e1s delicioso que prob\u00f3 a lo largo de sus recorridas por el pa\u00eds; concluyendo su recorrida en el museo El Sue\u00f1o del Tano, el emprendimiento ideado por la familia Penduzzu, donde se guardan los recuerdos m\u00e1s sorprendentes de las familias sampedrinas.<\/p>\n\n\n\n<p>Fuente: San Pedro Informa<\/p>\n","protected":false},"excerpt":{"rendered":"<p>Las im\u00e1genes se pudieron ver el viernes y el domingo, compartiendo algunos de los hechos y lugares hist\u00f3ricos de la ciudad. Uno de los programas hist\u00f3ricos de la TV y m\u00e1s vistos de la se\u00f1al de TN es \u201cEn el Camino\u201d, un programa con estilo propio y que conduce el periodista Mario Markic, y que [&hellip;]<\/p>\n","protected":false},"author":4,"featured_media":86845,"comment_status":"open","ping_status":"closed","sticky":false,"template":"","format":"standard","meta":{"om_disable_all_campaigns":false,"_jetpack_memberships_contains_paid_content":false,"footnotes":""},"categories":[50,101,2],"tags":[],"class_list":["post-86844","post","type-post","status-publish","format-standard","has-post-thumbnail","hentry","category-destacadas","category-interes-general-locales","category-locales"],"aioseo_notices":[],"gutentor_comment":0,"jetpack_featured_media_url":"https:\/\/eldiariodesanpedro.com.ar\/sitio\/wp-content\/uploads\/2021\/02\/144102161_3620767134666505_7607351244038812676_n.jpg","jetpack_shortlink":"https:\/\/wp.me\/p6RhLt-mAI","jetpack_sharing_enabled":true,"_links":{"self":[{"href":"https:\/\/eldiariodesanpedro.com.ar\/sitio\/wp-json\/wp\/v2\/posts\/86844","targetHints":{"allow":["GET"]}}],"collection":[{"href":"https:\/\/eldiariodesanpedro.com.ar\/sitio\/wp-json\/wp\/v2\/posts"}],"about":[{"href":"https:\/\/eldiariodesanpedro.com.ar\/sitio\/wp-json\/wp\/v2\/types\/post"}],"author":[{"embeddable":true,"href":"https:\/\/eldiariodesanpedro.com.ar\/sitio\/wp-json\/wp\/v2\/users\/4"}],"replies":[{"embeddable":true,"href":"https:\/\/eldiariodesanpedro.com.ar\/sitio\/wp-json\/wp\/v2\/comments?post=86844"}],"version-history":[{"count":1,"href":"https:\/\/eldiariodesanpedro.com.ar\/sitio\/wp-json\/wp\/v2\/posts\/86844\/revisions"}],"predecessor-version":[{"id":86846,"href":"https:\/\/eldiariodesanpedro.com.ar\/sitio\/wp-json\/wp\/v2\/posts\/86844\/revisions\/86846"}],"wp:featuredmedia":[{"embeddable":true,"href":"https:\/\/eldiariodesanpedro.com.ar\/sitio\/wp-json\/wp\/v2\/media\/86845"}],"wp:attachment":[{"href":"https:\/\/eldiariodesanpedro.com.ar\/sitio\/wp-json\/wp\/v2\/media?parent=86844"}],"wp:term":[{"taxonomy":"category","embeddable":true,"href":"https:\/\/eldiariodesanpedro.com.ar\/sitio\/wp-json\/wp\/v2\/categories?post=86844"},{"taxonomy":"post_tag","embeddable":true,"href":"https:\/\/eldiariodesanpedro.com.ar\/sitio\/wp-json\/wp\/v2\/tags?post=86844"}],"curies":[{"name":"wp","href":"https:\/\/api.w.org\/{rel}","templated":true}]}}