{"id":86841,"date":"2021-02-01T12:42:14","date_gmt":"2021-02-01T15:42:14","guid":{"rendered":"https:\/\/eldiariodesanpedro.com.ar\/sitio\/?p=86841"},"modified":"2021-02-01T12:42:18","modified_gmt":"2021-02-01T15:42:18","slug":"allanamiento-positivos-por-el-robo-a-la-escuela-agrotecnica-de-rio-tala","status":"publish","type":"post","link":"https:\/\/eldiariodesanpedro.com.ar\/sitio\/allanamiento-positivos-por-el-robo-a-la-escuela-agrotecnica-de-rio-tala\/","title":{"rendered":"Allanamiento positivos por el robo a la escuela Agrot\u00e9cnica de R\u00edo Tala"},"content":{"rendered":"<!-- VideographyWP Plugin Message: Automatic video embedding prevented by plugin options. -->\n\n<p>Este domingo los efectivos de nuestra comisar\u00eda realizaron operativos de allanamientos en diferentes domicilios donde se lograron secuestrar diferentes elementos pertenecientes al robo ocurrido en la escuela Agrot\u00e9cnica de R\u00edo Tala.<\/p>\n\n\n\n<p>El personal diligenci\u00f3 \u00f3rdenes de allanamientos libradas por el Juzgado de Garant\u00edas 3 Departamental de San Nicol\u00e1s, para con domicilios ubicados en Juan de Garay S\/N, R\u00edo Tala, donde se secuestraron herramientas sustra\u00eddas, adem\u00e1s, escopeta doble ca\u00f1o cal 16, con pedido secuestro activo y marihuana, por lo que fue aprehendiendo a sus moradores una femenina y un masculino mayores de edad.&nbsp;<\/p>\n\n\n\n<p>El segundo allanamiento se realiz\u00f3 en calle Sargento Cabral al 300 de la localidad de R\u00edo Tala, secuestrando herramientas sustra\u00eddas y una planta de marihuana, aprehendiendo a los moradores dos masculinos mayores de edad.&nbsp;<\/p>\n\n\n\n<p>El \u00faltimo domicilio requisado fue en calle&nbsp; San Mart\u00edn al 200, R\u00edo Tala, secuestrando planta de marihuana y aprehensi\u00f3n del morador masculino mayor de edad.<\/p>\n","protected":false},"excerpt":{"rendered":"<p>Este domingo los efectivos de nuestra comisar\u00eda realizaron operativos de allanamientos en diferentes domicilios donde se lograron secuestrar diferentes elementos pertenecientes al robo ocurrido en la escuela Agrot\u00e9cnica de R\u00edo Tala. El personal diligenci\u00f3 \u00f3rdenes de allanamientos libradas por el Juzgado de Garant\u00edas 3 Departamental de San Nicol\u00e1s, para con domicilios ubicados en Juan de [&hellip;]<\/p>\n","protected":false},"author":4,"featured_media":86842,"comment_status":"open","ping_status":"closed","sticky":false,"template":"","format":"standard","meta":{"om_disable_all_campaigns":false,"_jetpack_memberships_contains_paid_content":false,"footnotes":""},"categories":[2,103],"tags":[],"class_list":["post-86841","post","type-post","status-publish","format-standard","has-post-thumbnail","hentry","category-locales","category-policiales-locales"],"aioseo_notices":[],"gutentor_comment":0,"jetpack_featured_media_url":"https:\/\/eldiariodesanpedro.com.ar\/sitio\/wp-content\/uploads\/2021\/02\/20210126110900.jpeg","jetpack_shortlink":"https:\/\/wp.me\/p6RhLt-mAF","jetpack_sharing_enabled":true,"_links":{"self":[{"href":"https:\/\/eldiariodesanpedro.com.ar\/sitio\/wp-json\/wp\/v2\/posts\/86841","targetHints":{"allow":["GET"]}}],"collection":[{"href":"https:\/\/eldiariodesanpedro.com.ar\/sitio\/wp-json\/wp\/v2\/posts"}],"about":[{"href":"https:\/\/eldiariodesanpedro.com.ar\/sitio\/wp-json\/wp\/v2\/types\/post"}],"author":[{"embeddable":true,"href":"https:\/\/eldiariodesanpedro.com.ar\/sitio\/wp-json\/wp\/v2\/users\/4"}],"replies":[{"embeddable":true,"href":"https:\/\/eldiariodesanpedro.com.ar\/sitio\/wp-json\/wp\/v2\/comments?post=86841"}],"version-history":[{"count":1,"href":"https:\/\/eldiariodesanpedro.com.ar\/sitio\/wp-json\/wp\/v2\/posts\/86841\/revisions"}],"predecessor-version":[{"id":86843,"href":"https:\/\/eldiariodesanpedro.com.ar\/sitio\/wp-json\/wp\/v2\/posts\/86841\/revisions\/86843"}],"wp:featuredmedia":[{"embeddable":true,"href":"https:\/\/eldiariodesanpedro.com.ar\/sitio\/wp-json\/wp\/v2\/media\/86842"}],"wp:attachment":[{"href":"https:\/\/eldiariodesanpedro.com.ar\/sitio\/wp-json\/wp\/v2\/media?parent=86841"}],"wp:term":[{"taxonomy":"category","embeddable":true,"href":"https:\/\/eldiariodesanpedro.com.ar\/sitio\/wp-json\/wp\/v2\/categories?post=86841"},{"taxonomy":"post_tag","embeddable":true,"href":"https:\/\/eldiariodesanpedro.com.ar\/sitio\/wp-json\/wp\/v2\/tags?post=86841"}],"curies":[{"name":"wp","href":"https:\/\/api.w.org\/{rel}","templated":true}]}}