{"id":86839,"date":"2021-02-01T12:19:48","date_gmt":"2021-02-01T15:19:48","guid":{"rendered":"https:\/\/eldiariodesanpedro.com.ar\/sitio\/?p=86839"},"modified":"2021-02-01T12:19:51","modified_gmt":"2021-02-01T15:19:51","slug":"ingreso-a-una-vivienda-a-robar-y-se-encontro-con-el-propietario","status":"publish","type":"post","link":"https:\/\/eldiariodesanpedro.com.ar\/sitio\/ingreso-a-una-vivienda-a-robar-y-se-encontro-con-el-propietario\/","title":{"rendered":"Ingreso a una vivienda a robar y se encontr\u00f3 con el propietario"},"content":{"rendered":"<!-- VideographyWP Plugin Message: Automatic video embedding prevented by plugin options. -->\n\n<p>La polic\u00eda de nuestra ciudad realiz\u00f3 la detenci\u00f3n de un ciudadano que fugaba tras intentar robar dentro de un domicilio.<\/p>\n\n\n\n<p>El delincuente de 35 a\u00f1os de edad fue atrapado en calle Quiroga al 2000 y en su poder llevaba una cuchilla que utiliz\u00f3 para amedrentar y amenazar al propietario de una vivienda ubicada en calle Liniers 2200 masculino de 41 a\u00f1os.<\/p>\n\n\n\n<p>El sujeto tras violentar una puerta de acceso se encuentra con el propietario y realiza amenazas, al no poder concretar el robo se da a la fuga siendo capturado momentos despu\u00e9s.<\/p>\n\n\n\n<p>El malviviente se encuentra alojado en la comisar\u00eda local esperando realizar la declaraci\u00f3n frente al correspondiente fiscal.<\/p>\n","protected":false},"excerpt":{"rendered":"<p>La polic\u00eda de nuestra ciudad realiz\u00f3 la detenci\u00f3n de un ciudadano que fugaba tras intentar robar dentro de un domicilio. El delincuente de 35 a\u00f1os de edad fue atrapado en calle Quiroga al 2000 y en su poder llevaba una cuchilla que utiliz\u00f3 para amedrentar y amenazar al propietario de una vivienda ubicada en calle [&hellip;]<\/p>\n","protected":false},"author":4,"featured_media":77860,"comment_status":"open","ping_status":"closed","sticky":false,"template":"","format":"standard","meta":{"om_disable_all_campaigns":false,"_jetpack_memberships_contains_paid_content":false,"footnotes":""},"categories":[2,103],"tags":[],"class_list":["post-86839","post","type-post","status-publish","format-standard","has-post-thumbnail","hentry","category-locales","category-policiales-locales"],"aioseo_notices":[],"gutentor_comment":0,"jetpack_featured_media_url":"https:\/\/eldiariodesanpedro.com.ar\/sitio\/wp-content\/uploads\/2020\/07\/000085506.jpg","jetpack_shortlink":"https:\/\/wp.me\/p6RhLt-mAD","jetpack_sharing_enabled":true,"_links":{"self":[{"href":"https:\/\/eldiariodesanpedro.com.ar\/sitio\/wp-json\/wp\/v2\/posts\/86839","targetHints":{"allow":["GET"]}}],"collection":[{"href":"https:\/\/eldiariodesanpedro.com.ar\/sitio\/wp-json\/wp\/v2\/posts"}],"about":[{"href":"https:\/\/eldiariodesanpedro.com.ar\/sitio\/wp-json\/wp\/v2\/types\/post"}],"author":[{"embeddable":true,"href":"https:\/\/eldiariodesanpedro.com.ar\/sitio\/wp-json\/wp\/v2\/users\/4"}],"replies":[{"embeddable":true,"href":"https:\/\/eldiariodesanpedro.com.ar\/sitio\/wp-json\/wp\/v2\/comments?post=86839"}],"version-history":[{"count":1,"href":"https:\/\/eldiariodesanpedro.com.ar\/sitio\/wp-json\/wp\/v2\/posts\/86839\/revisions"}],"predecessor-version":[{"id":86840,"href":"https:\/\/eldiariodesanpedro.com.ar\/sitio\/wp-json\/wp\/v2\/posts\/86839\/revisions\/86840"}],"wp:featuredmedia":[{"embeddable":true,"href":"https:\/\/eldiariodesanpedro.com.ar\/sitio\/wp-json\/wp\/v2\/media\/77860"}],"wp:attachment":[{"href":"https:\/\/eldiariodesanpedro.com.ar\/sitio\/wp-json\/wp\/v2\/media?parent=86839"}],"wp:term":[{"taxonomy":"category","embeddable":true,"href":"https:\/\/eldiariodesanpedro.com.ar\/sitio\/wp-json\/wp\/v2\/categories?post=86839"},{"taxonomy":"post_tag","embeddable":true,"href":"https:\/\/eldiariodesanpedro.com.ar\/sitio\/wp-json\/wp\/v2\/tags?post=86839"}],"curies":[{"name":"wp","href":"https:\/\/api.w.org\/{rel}","templated":true}]}}