{"id":86837,"date":"2021-02-01T12:10:44","date_gmt":"2021-02-01T15:10:44","guid":{"rendered":"https:\/\/eldiariodesanpedro.com.ar\/sitio\/?p=86837"},"modified":"2021-02-01T12:10:47","modified_gmt":"2021-02-01T15:10:47","slug":"delincuente-detenido-infraganti-cuando-robaba-dentro-de-un-automovil","status":"publish","type":"post","link":"https:\/\/eldiariodesanpedro.com.ar\/sitio\/delincuente-detenido-infraganti-cuando-robaba-dentro-de-un-automovil\/","title":{"rendered":"Delincuente detenido infraganti cuando robaba dentro de un autom\u00f3vil"},"content":{"rendered":"<!-- VideographyWP Plugin Message: Automatic video embedding prevented by plugin options. -->\n\n<p>Este domingo la polic\u00eda de la comisar\u00eda local realiz\u00f3 la aprehensi\u00f3n de un sujeto que trataba de robar dentro de un autom\u00f3vil.<\/p>\n\n\n\n<p>EL hecho tuvo lugar en calle Saavedra 373&nbsp; donde se aprehende infraganti a un delicuentes de 31 a\u00f1o que se encontraba en el interior de un autom\u00f3vil Renault 6 color verde, tratando de sustraer pertenencias y ya en su poder el neum\u00e1tico de auxilio.&nbsp;<\/p>\n\n\n\n<p>El delincuente permanece alojado en comisar\u00eda local esperando a tomar declaraci\u00f3n ante la fiscal\u00eda de la ciudad.<\/p>\n","protected":false},"excerpt":{"rendered":"<p>Este domingo la polic\u00eda de la comisar\u00eda local realiz\u00f3 la aprehensi\u00f3n de un sujeto que trataba de robar dentro de un autom\u00f3vil. EL hecho tuvo lugar en calle Saavedra 373&nbsp; donde se aprehende infraganti a un delicuentes de 31 a\u00f1o que se encontraba en el interior de un autom\u00f3vil Renault 6 color verde, tratando de [&hellip;]<\/p>\n","protected":false},"author":4,"featured_media":78843,"comment_status":"open","ping_status":"closed","sticky":false,"template":"","format":"standard","meta":{"om_disable_all_campaigns":false,"_jetpack_memberships_contains_paid_content":false,"footnotes":""},"categories":[2,103],"tags":[],"class_list":["post-86837","post","type-post","status-publish","format-standard","has-post-thumbnail","hentry","category-locales","category-policiales-locales"],"aioseo_notices":[],"gutentor_comment":0,"jetpack_featured_media_url":"https:\/\/eldiariodesanpedro.com.ar\/sitio\/wp-content\/uploads\/2020\/08\/0.jpg","jetpack_shortlink":"https:\/\/wp.me\/p6RhLt-mAB","jetpack_sharing_enabled":true,"_links":{"self":[{"href":"https:\/\/eldiariodesanpedro.com.ar\/sitio\/wp-json\/wp\/v2\/posts\/86837","targetHints":{"allow":["GET"]}}],"collection":[{"href":"https:\/\/eldiariodesanpedro.com.ar\/sitio\/wp-json\/wp\/v2\/posts"}],"about":[{"href":"https:\/\/eldiariodesanpedro.com.ar\/sitio\/wp-json\/wp\/v2\/types\/post"}],"author":[{"embeddable":true,"href":"https:\/\/eldiariodesanpedro.com.ar\/sitio\/wp-json\/wp\/v2\/users\/4"}],"replies":[{"embeddable":true,"href":"https:\/\/eldiariodesanpedro.com.ar\/sitio\/wp-json\/wp\/v2\/comments?post=86837"}],"version-history":[{"count":1,"href":"https:\/\/eldiariodesanpedro.com.ar\/sitio\/wp-json\/wp\/v2\/posts\/86837\/revisions"}],"predecessor-version":[{"id":86838,"href":"https:\/\/eldiariodesanpedro.com.ar\/sitio\/wp-json\/wp\/v2\/posts\/86837\/revisions\/86838"}],"wp:featuredmedia":[{"embeddable":true,"href":"https:\/\/eldiariodesanpedro.com.ar\/sitio\/wp-json\/wp\/v2\/media\/78843"}],"wp:attachment":[{"href":"https:\/\/eldiariodesanpedro.com.ar\/sitio\/wp-json\/wp\/v2\/media?parent=86837"}],"wp:term":[{"taxonomy":"category","embeddable":true,"href":"https:\/\/eldiariodesanpedro.com.ar\/sitio\/wp-json\/wp\/v2\/categories?post=86837"},{"taxonomy":"post_tag","embeddable":true,"href":"https:\/\/eldiariodesanpedro.com.ar\/sitio\/wp-json\/wp\/v2\/tags?post=86837"}],"curies":[{"name":"wp","href":"https:\/\/api.w.org\/{rel}","templated":true}]}}