{"id":86834,"date":"2021-02-01T11:37:57","date_gmt":"2021-02-01T14:37:57","guid":{"rendered":"https:\/\/eldiariodesanpedro.com.ar\/sitio\/?p=86834"},"modified":"2021-02-01T11:38:37","modified_gmt":"2021-02-01T14:38:37","slug":"convocatoria-por-parte-de-la-sociedad-italiana-union-y-benevolencia-de-socorros-mutuos-de-san-pedro","status":"publish","type":"post","link":"https:\/\/eldiariodesanpedro.com.ar\/sitio\/convocatoria-por-parte-de-la-sociedad-italiana-union-y-benevolencia-de-socorros-mutuos-de-san-pedro\/","title":{"rendered":"Convocatoria por parte de la Sociedad Italiana Uni\u00f3n y Benevolencia de Socorros Mutuos de San Pedro"},"content":{"rendered":"<!-- VideographyWP Plugin Message: Automatic video embedding prevented by plugin options. -->\n\n<p><strong>SOCIEDAD ITALIANA UNION Y BENEVOLENCIA DE SOCORROS MUTUOS DE SAN PEDRO<\/strong><\/p>\n\n\n\n<p><strong>CONVOCATORIA A ASAMBLEA ORDINARIA<\/strong><\/p>\n\n\n\n<p>En cumplimiento de lo establecido por el Art.29 del Estatuto Social que nos rige, citase a los se\u00f1ores Socios Activos de la Sociedad Italiana Uni\u00f3n y Benevolencia de Socorros Mutuos de San Pedro, Prov de Bs As, a la Asamblea General Ordinaria, de los ejercicios 146 y 147 . La misma tendr\u00e1 lugar en nuestra sede social sita en calle Bme. Mitre N\u00ba 861, el dia jueves 04 de Marzo de 2021 , a las 20,00 hs para considerar el siguiente:<\/p>\n\n\n\n<p><strong>&nbsp;&nbsp;&nbsp;&nbsp;&nbsp;&nbsp;&nbsp;&nbsp;&nbsp;&nbsp;&nbsp;&nbsp;&nbsp;&nbsp;&nbsp;&nbsp;&nbsp;&nbsp;&nbsp;&nbsp;&nbsp;&nbsp;&nbsp;&nbsp;&nbsp;&nbsp;&nbsp;&nbsp;&nbsp;&nbsp;&nbsp;&nbsp;&nbsp;&nbsp;&nbsp;&nbsp;&nbsp;&nbsp;&nbsp;&nbsp;&nbsp;&nbsp;&nbsp;&nbsp;&nbsp;&nbsp;&nbsp;&nbsp;&nbsp;&nbsp;&nbsp;&nbsp;&nbsp;&nbsp;&nbsp;&nbsp;&nbsp;&nbsp;&nbsp;&nbsp;&nbsp;&nbsp;&nbsp;&nbsp;&nbsp;&nbsp;&nbsp;ORDEN DEL DIA<\/strong><\/p>\n\n\n\n<p>1- Designaci\u00f3n&nbsp; de (2) dos asociados para refrendar el Acta conjuntamente con el Presidente y&nbsp; Secretario, con facultad de aprobarla.<\/p>\n\n\n\n<p>2- Consideraci\u00f3n de la Memoria, Estado de Situaci\u00f3n Patrimonial, Estado Resultado, Estado de Evoluci\u00f3n de Patrimonio Neto y Estado de Flujo de Efectivo correspondiente al ejercicio N\u00ba 146 y 147 , as\u00ed como el informe del \u00d3rgano de Fiscalizaci\u00f3n..Por aplicaci\u00f3n de la Resoluci\u00f3n N\u00ba 154\/2020 del INAES.<\/p>\n\n\n\n<p>3- Consideraci\u00f3n de las Cuotas Sociales en las diversas categor\u00edas de socios.<\/p>\n\n\n\n<p>4.- Consideraci\u00f3n de un Canon por Derecho de Pante\u00f3n en el Cementerio.<\/p>\n\n\n\n<p>5- Renovaci\u00f3n de los siguientes cargos de la Comisi\u00f3n Directiva: Presidente MARINO BORNIA, por un a\u00f1o , Vicepresidente JUAN JOS\u00c9 D\u00b4ESTEFANO; por dos a\u00f1os , Secretaria MARIA INES CORDA por un a\u00f1o Pro Secretaria NOEM\u00cd CORRADINI , por dos a\u00f1os ; Tesorera VIVIAN ELENA COLLARETTI por un a\u00f1o ProTesorera MAR\u00cdA CHILELLI , por dos a\u00f1os Vocales Titulares 1\u00ba Vocal DIVINA ESTELA TOME por un a\u00f1o ; 2do. Vocal JORGE LEOPOLDO PANCRAZIO;, por dos a\u00f1os ,3\u00ba Vocal MARTA S.CHIODINI por un a\u00f1o, 4to Vocal Titular MARCELA C\u00c1MPORA; por dos a\u00f1os, 5\u00ba Vocal GRACIELA ARMENGOL por un a\u00f1o , 6to. Vocal RICARDO LINA por dos a\u00f1os Vocales Suplentes ; 1er. Vocal Suplente CARLOS LUZZI, por un a\u00f1o , 2\u00ba Vocal GUSTAVO ALCORTA por dos a\u00f1os, ; 3er Vocal ANA MORRERES por un a\u00f1o , 4\u00ba Vocal MIRTA MANTOVANI por dos a\u00f1os ; 5to Vocal Suplente ROSARIO CIAGHI, por un a\u00f1o , 6\u00ba SILVINA CONSOLINI por dos a\u00f1os .. En la JUNTA FISCALIZADORA TITULAR : 1er. Vocal Titular, HUGO DOMENICONE;por un a\u00f1o , 2\u00ba Vocal ANTONIO CONSOLINI por dos a\u00f1os , JUNTA FISCALIZADORA SUPLENTES 1er. Vocal Suplente, ADOLFO COCUZZA por un a\u00f1o, 2\u00ba Vocal VALERIA CONSOLINI por dos a\u00f1os.<\/p>\n\n\n\n<p>Por aplicaci\u00f3n de la Resoluci\u00f3n n\u00ba 145\/2020 del INAES<\/p>\n\n\n\n<p>San Pedro, 01 de Febrero de 2021<\/p>\n\n\n\n<p>MARIA INES CORDA&nbsp; &nbsp; &nbsp; &nbsp; &nbsp; &nbsp; &nbsp; &nbsp; &nbsp; &nbsp; &nbsp; &nbsp; &nbsp; &nbsp; &nbsp; &nbsp; &nbsp; &nbsp; &nbsp; &nbsp; &nbsp; &nbsp; &nbsp; MARINO BORNIA<\/p>\n\n\n\n<p>SECRETARIA&nbsp; &nbsp; &nbsp; &nbsp; &nbsp; &nbsp; &nbsp; &nbsp; &nbsp; &nbsp; &nbsp; &nbsp; &nbsp; &nbsp; &nbsp; &nbsp; &nbsp; &nbsp; &nbsp; &nbsp; &nbsp; &nbsp; &nbsp; &nbsp; &nbsp; &nbsp; &nbsp; &nbsp; &nbsp; PRESIDENTE<\/p>\n\n\n\n<p>Art.35: El qu\u00f3rum para cualquier tipo de Asamblea ser\u00e1 la mitad m\u00e1s uno de los asociados con derecho a participar. En caso de no alcanzarse este n\u00famero a la hora fijada, la Asamblea podr\u00e1 sesionar v\u00e1lidamente treinta minutos despu\u00e9s, con los socios presentes, cuyo n\u00famero no podr\u00e1 ser inferior a los miembros de la Comisi\u00f3n Directiva y el \u00d3rgano de Fiscalizaci\u00f3n .<\/p>\n","protected":false},"excerpt":{"rendered":"<p>SOCIEDAD ITALIANA UNION Y BENEVOLENCIA DE SOCORROS MUTUOS DE SAN PEDRO CONVOCATORIA A ASAMBLEA ORDINARIA En cumplimiento de lo establecido por el Art.29 del Estatuto Social que nos rige, citase a los se\u00f1ores Socios Activos de la Sociedad Italiana Uni\u00f3n y Benevolencia de Socorros Mutuos de San Pedro, Prov de Bs As, a la Asamblea [&hellip;]<\/p>\n","protected":false},"author":4,"featured_media":86835,"comment_status":"open","ping_status":"closed","sticky":false,"template":"","format":"standard","meta":{"om_disable_all_campaigns":false,"_jetpack_memberships_contains_paid_content":false,"footnotes":""},"categories":[678,676],"tags":[],"class_list":["post-86834","post","type-post","status-publish","format-standard","has-post-thumbnail","hentry","category-convocatorias","category-edictos"],"aioseo_notices":[],"gutentor_comment":0,"jetpack_featured_media_url":"https:\/\/eldiariodesanpedro.com.ar\/sitio\/wp-content\/uploads\/2021\/02\/Sociedad-Italiana-enero.jpg","jetpack_shortlink":"https:\/\/wp.me\/p6RhLt-mAy","jetpack_sharing_enabled":true,"_links":{"self":[{"href":"https:\/\/eldiariodesanpedro.com.ar\/sitio\/wp-json\/wp\/v2\/posts\/86834","targetHints":{"allow":["GET"]}}],"collection":[{"href":"https:\/\/eldiariodesanpedro.com.ar\/sitio\/wp-json\/wp\/v2\/posts"}],"about":[{"href":"https:\/\/eldiariodesanpedro.com.ar\/sitio\/wp-json\/wp\/v2\/types\/post"}],"author":[{"embeddable":true,"href":"https:\/\/eldiariodesanpedro.com.ar\/sitio\/wp-json\/wp\/v2\/users\/4"}],"replies":[{"embeddable":true,"href":"https:\/\/eldiariodesanpedro.com.ar\/sitio\/wp-json\/wp\/v2\/comments?post=86834"}],"version-history":[{"count":1,"href":"https:\/\/eldiariodesanpedro.com.ar\/sitio\/wp-json\/wp\/v2\/posts\/86834\/revisions"}],"predecessor-version":[{"id":86836,"href":"https:\/\/eldiariodesanpedro.com.ar\/sitio\/wp-json\/wp\/v2\/posts\/86834\/revisions\/86836"}],"wp:featuredmedia":[{"embeddable":true,"href":"https:\/\/eldiariodesanpedro.com.ar\/sitio\/wp-json\/wp\/v2\/media\/86835"}],"wp:attachment":[{"href":"https:\/\/eldiariodesanpedro.com.ar\/sitio\/wp-json\/wp\/v2\/media?parent=86834"}],"wp:term":[{"taxonomy":"category","embeddable":true,"href":"https:\/\/eldiariodesanpedro.com.ar\/sitio\/wp-json\/wp\/v2\/categories?post=86834"},{"taxonomy":"post_tag","embeddable":true,"href":"https:\/\/eldiariodesanpedro.com.ar\/sitio\/wp-json\/wp\/v2\/tags?post=86834"}],"curies":[{"name":"wp","href":"https:\/\/api.w.org\/{rel}","templated":true}]}}