{"id":8682,"date":"2016-10-10T18:55:13","date_gmt":"2016-10-10T21:55:13","guid":{"rendered":"https:\/\/eldiariodesanpedro.com.ar\/sitio\/?p=8682"},"modified":"2016-10-10T18:55:13","modified_gmt":"2016-10-10T21:55:13","slug":"un-incendio-produjo-serios-danos-en-una-vivienda","status":"publish","type":"post","link":"https:\/\/eldiariodesanpedro.com.ar\/sitio\/un-incendio-produjo-serios-danos-en-una-vivienda\/","title":{"rendered":"Un incendio produjo serios da\u00f1os en una vivienda"},"content":{"rendered":"<p><!-- VideographyWP Plugin Message: Automatic video embedding prevented by plugin options. --><br \/>\nEl siniestro, que se presume ser\u00eda intencional, se desat\u00f3 en la ma\u00f1ana de este lunes, cerca de las 5.00, en inmediaciones de M. Sbert y Bv. Moreno.<br \/>\nUna dotaci\u00f3n del cuerpo de Bomberos Voluntarios, a cargo del suboficial ayudante mayor H\u00e9ctor Keudell, debi\u00f3 concurrir a extinguir el siniestro de la vivienda.<br \/>\nA la llegada de la dotaci\u00f3n, el incendio se desarrollaba en forma generalizada en una habitaci\u00f3n y se expend\u00eda por un pasillo hacia el ba\u00f1o. En primera instancia, se lo circunscribi\u00f3 para que no tomara otras dependencias y luego con una l\u00ednea de ataque las llamas fueron apagadas.<br \/>\nSe pudo establecer que no hab\u00eda moradores en el lugar, por lo que no se registraron personas heridas. Los due\u00f1os de la casa llegaron luego.<\/p>\n","protected":false},"excerpt":{"rendered":"<p>El siniestro, que se presume ser\u00eda intencional, se desat\u00f3 en la ma\u00f1ana de este lunes, cerca de las 5.00, en inmediaciones de M. Sbert y Bv. Moreno. Una dotaci\u00f3n del cuerpo de Bomberos Voluntarios, a cargo del suboficial ayudante mayor H\u00e9ctor Keudell, debi\u00f3 concurrir a extinguir el siniestro de la vivienda. A la llegada de [&hellip;]<\/p>\n","protected":false},"author":4,"featured_media":6677,"comment_status":"open","ping_status":"closed","sticky":false,"template":"","format":"standard","meta":{"om_disable_all_campaigns":false,"_jetpack_memberships_contains_paid_content":false,"footnotes":""},"categories":[50,101,2],"tags":[],"class_list":["post-8682","post","type-post","status-publish","format-standard","has-post-thumbnail","hentry","category-destacadas","category-interes-general-locales","category-locales"],"aioseo_notices":[],"gutentor_comment":0,"jetpack_featured_media_url":"https:\/\/eldiariodesanpedro.com.ar\/sitio\/wp-content\/uploads\/2016\/08\/bomberos.jpg","jetpack_shortlink":"https:\/\/wp.me\/p6RhLt-2g2","jetpack_sharing_enabled":true,"_links":{"self":[{"href":"https:\/\/eldiariodesanpedro.com.ar\/sitio\/wp-json\/wp\/v2\/posts\/8682","targetHints":{"allow":["GET"]}}],"collection":[{"href":"https:\/\/eldiariodesanpedro.com.ar\/sitio\/wp-json\/wp\/v2\/posts"}],"about":[{"href":"https:\/\/eldiariodesanpedro.com.ar\/sitio\/wp-json\/wp\/v2\/types\/post"}],"author":[{"embeddable":true,"href":"https:\/\/eldiariodesanpedro.com.ar\/sitio\/wp-json\/wp\/v2\/users\/4"}],"replies":[{"embeddable":true,"href":"https:\/\/eldiariodesanpedro.com.ar\/sitio\/wp-json\/wp\/v2\/comments?post=8682"}],"version-history":[{"count":1,"href":"https:\/\/eldiariodesanpedro.com.ar\/sitio\/wp-json\/wp\/v2\/posts\/8682\/revisions"}],"predecessor-version":[{"id":8683,"href":"https:\/\/eldiariodesanpedro.com.ar\/sitio\/wp-json\/wp\/v2\/posts\/8682\/revisions\/8683"}],"wp:featuredmedia":[{"embeddable":true,"href":"https:\/\/eldiariodesanpedro.com.ar\/sitio\/wp-json\/wp\/v2\/media\/6677"}],"wp:attachment":[{"href":"https:\/\/eldiariodesanpedro.com.ar\/sitio\/wp-json\/wp\/v2\/media?parent=8682"}],"wp:term":[{"taxonomy":"category","embeddable":true,"href":"https:\/\/eldiariodesanpedro.com.ar\/sitio\/wp-json\/wp\/v2\/categories?post=8682"},{"taxonomy":"post_tag","embeddable":true,"href":"https:\/\/eldiariodesanpedro.com.ar\/sitio\/wp-json\/wp\/v2\/tags?post=8682"}],"curies":[{"name":"wp","href":"https:\/\/api.w.org\/{rel}","templated":true}]}}