{"id":86816,"date":"2021-01-30T19:50:51","date_gmt":"2021-01-30T22:50:51","guid":{"rendered":"https:\/\/eldiariodesanpedro.com.ar\/sitio\/?p=86816"},"modified":"2021-01-30T19:50:54","modified_gmt":"2021-01-30T22:50:54","slug":"covid-continua-la-baja-de-casos-12-positivos-27-negativos-y-145-activos","status":"publish","type":"post","link":"https:\/\/eldiariodesanpedro.com.ar\/sitio\/covid-continua-la-baja-de-casos-12-positivos-27-negativos-y-145-activos\/","title":{"rendered":"Covid: Continua la baja de casos, 12 positivos, 27 negativos y 145 activos"},"content":{"rendered":"<!-- VideographyWP Plugin Message: Automatic video embedding prevented by plugin options. -->\n\n<p>La Secretar\u00eda de Salud de la Municipalidad de San Pedro brinda el informe oficial diario actualizado con datos recopilados hasta el momento con relaci\u00f3n al seguimiento a la Pandemia de Covid-19.<\/p>\n\n\n\n<p>INFORME DIARIO<br>Se recibieron 39 resultados de las muestras enviadas el d\u00eda 29 de enero al Laboratorio Central Lab, que sumaron 27 negativos y 12 positivos que corresponden a mujeres de 31, 32, 36, 67 y 79 a\u00f1os; y hombres de 16, 25, 34(2), 35, 62 y 74 a\u00f1os.<br><br>Total de nuevos positivos: 12<br>Total de nuevos negativos: 27<\/p>\n\n\n\n<p>ALTAS<br>Se cargaron 41 altas<\/p>\n\n\n\n<p>Detalle:<br>Mujeres de 20, 23, 24(2), 26, 30, 31, 32, 36, 37, 39, 41, 43, 44, 49(2), 51, 54(2), 59(2), 60, 64, 70 y 73 a\u00f1os.<br>Hombres de 16, 18, 23(2), 28, 36, 40, 41, 42, 43(2), 52, 54, 56(2) y 69 a\u00f1os.<\/p>\n\n\n\n<p>FALLECIMIENTOS<br>Ayer se inform\u00f3 el deceso del Sr. Nicol\u00e1s Mastroiani de 84 a\u00f1os, y del Sr. Gregorio Camacho de 43 a\u00f1os; y el d\u00eda de hoy se comunic\u00f3 el fallecimiento de la Sra. Mar\u00eda Erelida Ansaloni de 85 a\u00f1os, diagnosticados como casos positivos de Covid-19.<br>Hacemos llegar a sus familias y seres queridos nuestras m\u00e1s sinceras condolencias.<\/p>\n\n\n\n<p>Resumen actualizado de informaci\u00f3n oficial<br>Positivos desde el inicio de la Pandemia: 2177<br>Activos: 145<br>Recuperados: 1959<br>Fallecidos: 73<br>\u00daltimo env\u00edo de muestras: 00<br>Muestras pendientes: 1<br>Negativos desde el inicio de la Pandemia: 3045<br>Los datos consignados en este informe corresponden a ex\u00e1menes realizados por PCR.<\/p>\n\n\n\n<p>&#x1f449; Usar tapabocas.<br>&#x1f449; Mantener la distancia m\u00ednima de 2 metros.<br>&#x1f449; Extremar la higiene de los espacios.<br>&#x1f449; Mantener las manos limpias.<\/p>\n\n\n\n<p>Se recuerda que, ante s\u00edntomas de tos seca, fiebre y dolor de garganta y la probabilidad de haber estado en contacto con enfermos o viajeros llegados desde las zonas transmisi\u00f3n local o comunitaria se puede llamar al 148 o 107.<\/p>\n","protected":false},"excerpt":{"rendered":"<p>La Secretar\u00eda de Salud de la Municipalidad de San Pedro brinda el informe oficial diario actualizado con datos recopilados hasta el momento con relaci\u00f3n al seguimiento a la Pandemia de Covid-19. INFORME DIARIOSe recibieron 39 resultados de las muestras enviadas el d\u00eda 29 de enero al Laboratorio Central Lab, que sumaron 27 negativos y 12 [&hellip;]<\/p>\n","protected":false},"author":4,"featured_media":75824,"comment_status":"open","ping_status":"closed","sticky":false,"template":"","format":"standard","meta":{"om_disable_all_campaigns":false,"_jetpack_memberships_contains_paid_content":false,"footnotes":""},"categories":[50,101,2],"tags":[],"class_list":["post-86816","post","type-post","status-publish","format-standard","has-post-thumbnail","hentry","category-destacadas","category-interes-general-locales","category-locales"],"aioseo_notices":[],"gutentor_comment":0,"jetpack_featured_media_url":"https:\/\/eldiariodesanpedro.com.ar\/sitio\/wp-content\/uploads\/2020\/06\/coronavirus-2_124fd4e7k7j5f1lzjl9z2tf65c.jpg","jetpack_shortlink":"https:\/\/wp.me\/p6RhLt-mAg","jetpack_sharing_enabled":true,"_links":{"self":[{"href":"https:\/\/eldiariodesanpedro.com.ar\/sitio\/wp-json\/wp\/v2\/posts\/86816","targetHints":{"allow":["GET"]}}],"collection":[{"href":"https:\/\/eldiariodesanpedro.com.ar\/sitio\/wp-json\/wp\/v2\/posts"}],"about":[{"href":"https:\/\/eldiariodesanpedro.com.ar\/sitio\/wp-json\/wp\/v2\/types\/post"}],"author":[{"embeddable":true,"href":"https:\/\/eldiariodesanpedro.com.ar\/sitio\/wp-json\/wp\/v2\/users\/4"}],"replies":[{"embeddable":true,"href":"https:\/\/eldiariodesanpedro.com.ar\/sitio\/wp-json\/wp\/v2\/comments?post=86816"}],"version-history":[{"count":1,"href":"https:\/\/eldiariodesanpedro.com.ar\/sitio\/wp-json\/wp\/v2\/posts\/86816\/revisions"}],"predecessor-version":[{"id":86817,"href":"https:\/\/eldiariodesanpedro.com.ar\/sitio\/wp-json\/wp\/v2\/posts\/86816\/revisions\/86817"}],"wp:featuredmedia":[{"embeddable":true,"href":"https:\/\/eldiariodesanpedro.com.ar\/sitio\/wp-json\/wp\/v2\/media\/75824"}],"wp:attachment":[{"href":"https:\/\/eldiariodesanpedro.com.ar\/sitio\/wp-json\/wp\/v2\/media?parent=86816"}],"wp:term":[{"taxonomy":"category","embeddable":true,"href":"https:\/\/eldiariodesanpedro.com.ar\/sitio\/wp-json\/wp\/v2\/categories?post=86816"},{"taxonomy":"post_tag","embeddable":true,"href":"https:\/\/eldiariodesanpedro.com.ar\/sitio\/wp-json\/wp\/v2\/tags?post=86816"}],"curies":[{"name":"wp","href":"https:\/\/api.w.org\/{rel}","templated":true}]}}