{"id":86814,"date":"2021-01-30T18:12:00","date_gmt":"2021-01-30T21:12:00","guid":{"rendered":"https:\/\/eldiariodesanpedro.com.ar\/sitio\/?p=86814"},"modified":"2021-01-30T18:12:00","modified_gmt":"2021-01-30T21:12:00","slug":"fallecimiento-numero-73de-covid-sra-maria-erelida-ansaloni-de-85-anos","status":"publish","type":"post","link":"https:\/\/eldiariodesanpedro.com.ar\/sitio\/fallecimiento-numero-73de-covid-sra-maria-erelida-ansaloni-de-85-anos\/","title":{"rendered":"Fallecimiento numero 73de covid,  Sra. Mar\u00eda Erelida Ansaloni de 85 a\u00f1os"},"content":{"rendered":"<!-- VideographyWP Plugin Message: Automatic video embedding prevented by plugin options. -->\n\n<p>La Secretar\u00eda de Salud de la Municipalidad de San Pedro informa que esta ma\u00f1ana se produjo el fallecimiento de la Sra. Mar\u00eda Erelida Ansaloni de 85 a\u00f1os, internada con COVID positivo en cl\u00ednica privada.<\/p>\n\n\n\n<p>Su deceso se convierte en el N\u00b073 desde el inicio de la Pandemia. Acompa\u00f1amos a sus familiares y seres queridos con nuestras condolencias.<\/p>\n","protected":false},"excerpt":{"rendered":"<p>La Secretar\u00eda de Salud de la Municipalidad de San Pedro informa que esta ma\u00f1ana se produjo el fallecimiento de la Sra. Mar\u00eda Erelida Ansaloni de 85 a\u00f1os, internada con COVID positivo en cl\u00ednica privada. Su deceso se convierte en el N\u00b073 desde el inicio de la Pandemia. Acompa\u00f1amos a sus familiares y seres queridos con [&hellip;]<\/p>\n","protected":false},"author":4,"featured_media":77464,"comment_status":"open","ping_status":"closed","sticky":false,"template":"","format":"standard","meta":{"om_disable_all_campaigns":false,"_jetpack_memberships_contains_paid_content":false,"footnotes":""},"categories":[50,101,2],"tags":[],"class_list":["post-86814","post","type-post","status-publish","format-standard","has-post-thumbnail","hentry","category-destacadas","category-interes-general-locales","category-locales"],"aioseo_notices":[],"gutentor_comment":0,"jetpack_featured_media_url":"https:\/\/eldiariodesanpedro.com.ar\/sitio\/wp-content\/uploads\/2020\/07\/5e87e1dede692.jpeg","jetpack_shortlink":"https:\/\/wp.me\/p6RhLt-mAe","jetpack_sharing_enabled":true,"_links":{"self":[{"href":"https:\/\/eldiariodesanpedro.com.ar\/sitio\/wp-json\/wp\/v2\/posts\/86814","targetHints":{"allow":["GET"]}}],"collection":[{"href":"https:\/\/eldiariodesanpedro.com.ar\/sitio\/wp-json\/wp\/v2\/posts"}],"about":[{"href":"https:\/\/eldiariodesanpedro.com.ar\/sitio\/wp-json\/wp\/v2\/types\/post"}],"author":[{"embeddable":true,"href":"https:\/\/eldiariodesanpedro.com.ar\/sitio\/wp-json\/wp\/v2\/users\/4"}],"replies":[{"embeddable":true,"href":"https:\/\/eldiariodesanpedro.com.ar\/sitio\/wp-json\/wp\/v2\/comments?post=86814"}],"version-history":[{"count":1,"href":"https:\/\/eldiariodesanpedro.com.ar\/sitio\/wp-json\/wp\/v2\/posts\/86814\/revisions"}],"predecessor-version":[{"id":86815,"href":"https:\/\/eldiariodesanpedro.com.ar\/sitio\/wp-json\/wp\/v2\/posts\/86814\/revisions\/86815"}],"wp:featuredmedia":[{"embeddable":true,"href":"https:\/\/eldiariodesanpedro.com.ar\/sitio\/wp-json\/wp\/v2\/media\/77464"}],"wp:attachment":[{"href":"https:\/\/eldiariodesanpedro.com.ar\/sitio\/wp-json\/wp\/v2\/media?parent=86814"}],"wp:term":[{"taxonomy":"category","embeddable":true,"href":"https:\/\/eldiariodesanpedro.com.ar\/sitio\/wp-json\/wp\/v2\/categories?post=86814"},{"taxonomy":"post_tag","embeddable":true,"href":"https:\/\/eldiariodesanpedro.com.ar\/sitio\/wp-json\/wp\/v2\/tags?post=86814"}],"curies":[{"name":"wp","href":"https:\/\/api.w.org\/{rel}","templated":true}]}}