{"id":86811,"date":"2021-01-30T13:30:09","date_gmt":"2021-01-30T16:30:09","guid":{"rendered":"https:\/\/eldiariodesanpedro.com.ar\/sitio\/?p=86811"},"modified":"2021-01-30T13:30:14","modified_gmt":"2021-01-30T16:30:14","slug":"baradero-el-municipio-adquirio-un-punto-verde-movil-y-entrego-kits-de-elementos-de-proteccion-personal","status":"publish","type":"post","link":"https:\/\/eldiariodesanpedro.com.ar\/sitio\/baradero-el-municipio-adquirio-un-punto-verde-movil-y-entrego-kits-de-elementos-de-proteccion-personal\/","title":{"rendered":"BARADERO | El municipio adquiri\u00f3 un Punto Verde m\u00f3vil y entreg\u00f3 kits de elementos de protecci\u00f3n personal"},"content":{"rendered":"<!-- VideographyWP Plugin Message: Automatic video embedding prevented by plugin options. -->\n\n<p>El Municipio de Baradero a trav\u00e9s de la Subsecretar\u00eda de Ambiente de Espacios P\u00fablicos entreg\u00f3 50 kits de elementos de protecci\u00f3n personal para los recuperadores urbanos del MTE Baradero. Adem\u00e1s, en los \u00faltimos d\u00edas Baradero recibi\u00f3 un contenedor Punto Verde m\u00f3vil de arrastre gestionados con el Ministerio de Ambiente y Desarrollo Sostenible de la Naci\u00f3n.&nbsp;<\/p>\n\n\n\n<p>Los elementos fueron entregados a las y los trabajadores por el intendente&nbsp;<strong>Esteban Sanzio.&nbsp;<\/strong>El kit de elementos contiene antiparra, barbijo semirr\u00edgido, overol descartable, guantes de nitrilo y de goma, botines de seguridad, bolsa bigbag y chaleco de alta visibilidad. &nbsp;<\/p>\n\n\n\n<p>Por otro lado, la adquisici\u00f3n del contenedor Punto Verde m\u00f3vil actualmente en la Plaza Mitre, se trasladar\u00e1 a los barrios con el objetivo de promover la participaci\u00f3n ciudadana masiva, fomentando el cambio de h\u00e1bito de los vecinos y vecinas a trav\u00e9s de diferentes tipos de acciones; c\u00f3mo son las distintas etapas de la gesti\u00f3n de residuos, apostando a la educaci\u00f3n ambiental y la concientizaci\u00f3n del cuidado del ambiente.&nbsp;<\/p>\n\n\n\n<p>Adem\u00e1s de lo mencionado, el municipio tambi\u00e9n recibir\u00e1 una pala frontal, autoelevador de 1500 kg el\u00e9ctrico, trituradora de vidrio, guillotina de neum\u00e1ticos, balanza de piso 1500 kg., enfardadora y chipeadora de ramas. \u00a0<\/p>\n\n\n\n<p>Fuente: Tu Linea Directa<\/p>\n","protected":false},"excerpt":{"rendered":"<p>El Municipio de Baradero a trav\u00e9s de la Subsecretar\u00eda de Ambiente de Espacios P\u00fablicos entreg\u00f3 50 kits de elementos de protecci\u00f3n personal para los recuperadores urbanos del MTE Baradero. Adem\u00e1s, en los \u00faltimos d\u00edas Baradero recibi\u00f3 un contenedor Punto Verde m\u00f3vil de arrastre gestionados con el Ministerio de Ambiente y Desarrollo Sostenible de la Naci\u00f3n.&nbsp; [&hellip;]<\/p>\n","protected":false},"author":4,"featured_media":86812,"comment_status":"open","ping_status":"closed","sticky":false,"template":"","format":"standard","meta":{"om_disable_all_campaigns":false,"_jetpack_memberships_contains_paid_content":false,"footnotes":""},"categories":[621],"tags":[],"class_list":["post-86811","post","type-post","status-publish","format-standard","has-post-thumbnail","hentry","category-regionales"],"aioseo_notices":[],"gutentor_comment":0,"jetpack_featured_media_url":"https:\/\/eldiariodesanpedro.com.ar\/sitio\/wp-content\/uploads\/2021\/01\/1-6.jpg","jetpack_shortlink":"https:\/\/wp.me\/p6RhLt-mAb","jetpack_sharing_enabled":true,"_links":{"self":[{"href":"https:\/\/eldiariodesanpedro.com.ar\/sitio\/wp-json\/wp\/v2\/posts\/86811","targetHints":{"allow":["GET"]}}],"collection":[{"href":"https:\/\/eldiariodesanpedro.com.ar\/sitio\/wp-json\/wp\/v2\/posts"}],"about":[{"href":"https:\/\/eldiariodesanpedro.com.ar\/sitio\/wp-json\/wp\/v2\/types\/post"}],"author":[{"embeddable":true,"href":"https:\/\/eldiariodesanpedro.com.ar\/sitio\/wp-json\/wp\/v2\/users\/4"}],"replies":[{"embeddable":true,"href":"https:\/\/eldiariodesanpedro.com.ar\/sitio\/wp-json\/wp\/v2\/comments?post=86811"}],"version-history":[{"count":1,"href":"https:\/\/eldiariodesanpedro.com.ar\/sitio\/wp-json\/wp\/v2\/posts\/86811\/revisions"}],"predecessor-version":[{"id":86813,"href":"https:\/\/eldiariodesanpedro.com.ar\/sitio\/wp-json\/wp\/v2\/posts\/86811\/revisions\/86813"}],"wp:featuredmedia":[{"embeddable":true,"href":"https:\/\/eldiariodesanpedro.com.ar\/sitio\/wp-json\/wp\/v2\/media\/86812"}],"wp:attachment":[{"href":"https:\/\/eldiariodesanpedro.com.ar\/sitio\/wp-json\/wp\/v2\/media?parent=86811"}],"wp:term":[{"taxonomy":"category","embeddable":true,"href":"https:\/\/eldiariodesanpedro.com.ar\/sitio\/wp-json\/wp\/v2\/categories?post=86811"},{"taxonomy":"post_tag","embeddable":true,"href":"https:\/\/eldiariodesanpedro.com.ar\/sitio\/wp-json\/wp\/v2\/tags?post=86811"}],"curies":[{"name":"wp","href":"https:\/\/api.w.org\/{rel}","templated":true}]}}