{"id":86808,"date":"2021-01-30T13:27:44","date_gmt":"2021-01-30T16:27:44","guid":{"rendered":"https:\/\/eldiariodesanpedro.com.ar\/sitio\/?p=86808"},"modified":"2021-01-30T13:27:45","modified_gmt":"2021-01-30T16:27:45","slug":"baradero-la-ciudad-elegida-para-llevar-adelante-la-primera-jornada-de-region-sanitaria-iv-para-planificar-las-politicas-sanitarias","status":"publish","type":"post","link":"https:\/\/eldiariodesanpedro.com.ar\/sitio\/baradero-la-ciudad-elegida-para-llevar-adelante-la-primera-jornada-de-region-sanitaria-iv-para-planificar-las-politicas-sanitarias\/","title":{"rendered":"BARADERO | La ciudad elegida para llevar adelante la primera jornada de Regi\u00f3n Sanitaria IV para planificar las pol\u00edticas sanitarias"},"content":{"rendered":"<!-- VideographyWP Plugin Message: Automatic video embedding prevented by plugin options. -->\n\n<p>El intendente Esteban Sanzio, acompa\u00f1ado por el equipo del \u00e1rea de salud, se reunieron con la unidad coordinadora del consejo de salud provincial a cargo del Ministerio de Salud de la provincia de Buenos Aires acompa\u00f1ado por el responsable de la unidad coordinadora del COSAPRO, el Lic. Mart\u00edn Etcheverry y el Dr. Diego Torino, responsable de equipos t\u00e9cnicos. Hubo presencia de autoridades sanitarias de toda la regi\u00f3n y legisladores provinciales.<\/p>\n\n\n\n<p>En la jornada se acord\u00f3 la planificaci\u00f3n regional de la infraestructura hospitalaria, implementaci\u00f3n de la Ley de Salud Mental, nuevo Plan de Acceso e Inclusi\u00f3n, modelos de financiamiento del Sistema Municipal de Salud y fortalecimiento del primer Nivel de Atenci\u00f3n. La misma continu\u00f3 el siguiente d\u00eda en Salto<\/p>\n\n\n\n<p>Fuente: <a href=\"https:\/\/tulineadirecta.com\/baradero-fue-elegido-para-llevar-adelante-la-primera-jornada-de-region-sanitaria-iv-en-las-instalaciones-de-la-unsada-para-planificar-las-politicas-sanitarias\/\">Tu Linea Directa<\/a><\/p>\n","protected":false},"excerpt":{"rendered":"<p>El intendente Esteban Sanzio, acompa\u00f1ado por el equipo del \u00e1rea de salud, se reunieron con la unidad coordinadora del consejo de salud provincial a cargo del Ministerio de Salud de la provincia de Buenos Aires acompa\u00f1ado por el responsable de la unidad coordinadora del COSAPRO, el Lic. Mart\u00edn Etcheverry y el Dr. Diego Torino, responsable [&hellip;]<\/p>\n","protected":false},"author":4,"featured_media":86809,"comment_status":"open","ping_status":"closed","sticky":false,"template":"","format":"standard","meta":{"om_disable_all_campaigns":false,"_jetpack_memberships_contains_paid_content":false,"footnotes":""},"categories":[621],"tags":[],"class_list":["post-86808","post","type-post","status-publish","format-standard","has-post-thumbnail","hentry","category-regionales"],"aioseo_notices":[],"gutentor_comment":0,"jetpack_featured_media_url":"https:\/\/eldiariodesanpedro.com.ar\/sitio\/wp-content\/uploads\/2021\/01\/Sin-titulo-1-10.jpg","jetpack_shortlink":"https:\/\/wp.me\/p6RhLt-mA8","jetpack_sharing_enabled":true,"_links":{"self":[{"href":"https:\/\/eldiariodesanpedro.com.ar\/sitio\/wp-json\/wp\/v2\/posts\/86808","targetHints":{"allow":["GET"]}}],"collection":[{"href":"https:\/\/eldiariodesanpedro.com.ar\/sitio\/wp-json\/wp\/v2\/posts"}],"about":[{"href":"https:\/\/eldiariodesanpedro.com.ar\/sitio\/wp-json\/wp\/v2\/types\/post"}],"author":[{"embeddable":true,"href":"https:\/\/eldiariodesanpedro.com.ar\/sitio\/wp-json\/wp\/v2\/users\/4"}],"replies":[{"embeddable":true,"href":"https:\/\/eldiariodesanpedro.com.ar\/sitio\/wp-json\/wp\/v2\/comments?post=86808"}],"version-history":[{"count":1,"href":"https:\/\/eldiariodesanpedro.com.ar\/sitio\/wp-json\/wp\/v2\/posts\/86808\/revisions"}],"predecessor-version":[{"id":86810,"href":"https:\/\/eldiariodesanpedro.com.ar\/sitio\/wp-json\/wp\/v2\/posts\/86808\/revisions\/86810"}],"wp:featuredmedia":[{"embeddable":true,"href":"https:\/\/eldiariodesanpedro.com.ar\/sitio\/wp-json\/wp\/v2\/media\/86809"}],"wp:attachment":[{"href":"https:\/\/eldiariodesanpedro.com.ar\/sitio\/wp-json\/wp\/v2\/media?parent=86808"}],"wp:term":[{"taxonomy":"category","embeddable":true,"href":"https:\/\/eldiariodesanpedro.com.ar\/sitio\/wp-json\/wp\/v2\/categories?post=86808"},{"taxonomy":"post_tag","embeddable":true,"href":"https:\/\/eldiariodesanpedro.com.ar\/sitio\/wp-json\/wp\/v2\/tags?post=86808"}],"curies":[{"name":"wp","href":"https:\/\/api.w.org\/{rel}","templated":true}]}}