{"id":86802,"date":"2021-01-30T13:18:44","date_gmt":"2021-01-30T16:18:44","guid":{"rendered":"https:\/\/eldiariodesanpedro.com.ar\/sitio\/?p=86802"},"modified":"2021-01-30T13:18:48","modified_gmt":"2021-01-30T16:18:48","slug":"san-nicolas-tormenta-volo-una-pileta-y-quedo-enredada-entre-cables","status":"publish","type":"post","link":"https:\/\/eldiariodesanpedro.com.ar\/sitio\/san-nicolas-tormenta-volo-una-pileta-y-quedo-enredada-entre-cables\/","title":{"rendered":"SAN NICOL\u00c1S | Tormenta: Vol\u00f3 una pileta y qued\u00f3 enredada entre cables"},"content":{"rendered":"<!-- VideographyWP Plugin Message: Automatic video embedding prevented by plugin options. -->\n\n<p>El fuerte temporal que se desat\u00f3 esta madrugada, provoc\u00f3 la voladura de una pileta pelopincho que estaba sin agua arriba de una terraza.<br><br>El viento la levant\u00f3 por el aire y termin\u00f3 enredada en los cables de baja tensi\u00f3n que est\u00e1n sobre la vereda. El hecho ocurri\u00f3 en inmediaciones de calle Bol\u00edvar y Necochea.<br><br>Una cuadrilla de EDEN con el apoyo de la polic\u00eda, asistieron al lugar y ya retiraron la pileta, normalizando el servicio a los vecinos.<\/p>\n\n\n\n<p>Fuente: <a href=\"http:\/\/www.diarioelinformante.com.ar\/nota-60506_tormenta-vol-una-pileta-y-qued-enredada-entre-cables\">Diario El informante<\/a><\/p>\n","protected":false},"excerpt":{"rendered":"<p>El fuerte temporal que se desat\u00f3 esta madrugada, provoc\u00f3 la voladura de una pileta pelopincho que estaba sin agua arriba de una terraza. El viento la levant\u00f3 por el aire y termin\u00f3 enredada en los cables de baja tensi\u00f3n que est\u00e1n sobre la vereda. El hecho ocurri\u00f3 en inmediaciones de calle Bol\u00edvar y Necochea. Una [&hellip;]<\/p>\n","protected":false},"author":4,"featured_media":86803,"comment_status":"open","ping_status":"closed","sticky":false,"template":"","format":"standard","meta":{"om_disable_all_campaigns":false,"_jetpack_memberships_contains_paid_content":false,"footnotes":""},"categories":[621],"tags":[],"class_list":["post-86802","post","type-post","status-publish","format-standard","has-post-thumbnail","hentry","category-regionales"],"aioseo_notices":[],"gutentor_comment":0,"jetpack_featured_media_url":"https:\/\/eldiariodesanpedro.com.ar\/sitio\/wp-content\/uploads\/2021\/01\/conmarca29845.jpg","jetpack_shortlink":"https:\/\/wp.me\/p6RhLt-mA2","jetpack_sharing_enabled":true,"_links":{"self":[{"href":"https:\/\/eldiariodesanpedro.com.ar\/sitio\/wp-json\/wp\/v2\/posts\/86802","targetHints":{"allow":["GET"]}}],"collection":[{"href":"https:\/\/eldiariodesanpedro.com.ar\/sitio\/wp-json\/wp\/v2\/posts"}],"about":[{"href":"https:\/\/eldiariodesanpedro.com.ar\/sitio\/wp-json\/wp\/v2\/types\/post"}],"author":[{"embeddable":true,"href":"https:\/\/eldiariodesanpedro.com.ar\/sitio\/wp-json\/wp\/v2\/users\/4"}],"replies":[{"embeddable":true,"href":"https:\/\/eldiariodesanpedro.com.ar\/sitio\/wp-json\/wp\/v2\/comments?post=86802"}],"version-history":[{"count":1,"href":"https:\/\/eldiariodesanpedro.com.ar\/sitio\/wp-json\/wp\/v2\/posts\/86802\/revisions"}],"predecessor-version":[{"id":86804,"href":"https:\/\/eldiariodesanpedro.com.ar\/sitio\/wp-json\/wp\/v2\/posts\/86802\/revisions\/86804"}],"wp:featuredmedia":[{"embeddable":true,"href":"https:\/\/eldiariodesanpedro.com.ar\/sitio\/wp-json\/wp\/v2\/media\/86803"}],"wp:attachment":[{"href":"https:\/\/eldiariodesanpedro.com.ar\/sitio\/wp-json\/wp\/v2\/media?parent=86802"}],"wp:term":[{"taxonomy":"category","embeddable":true,"href":"https:\/\/eldiariodesanpedro.com.ar\/sitio\/wp-json\/wp\/v2\/categories?post=86802"},{"taxonomy":"post_tag","embeddable":true,"href":"https:\/\/eldiariodesanpedro.com.ar\/sitio\/wp-json\/wp\/v2\/tags?post=86802"}],"curies":[{"name":"wp","href":"https:\/\/api.w.org\/{rel}","templated":true}]}}