{"id":86796,"date":"2021-01-30T13:12:25","date_gmt":"2021-01-30T16:12:25","guid":{"rendered":"https:\/\/eldiariodesanpedro.com.ar\/sitio\/?p=86796"},"modified":"2021-01-30T13:12:29","modified_gmt":"2021-01-30T16:12:29","slug":"ramallo-el-temporal-hundio-una-embarcacion-con-dos-personas-a-bordo","status":"publish","type":"post","link":"https:\/\/eldiariodesanpedro.com.ar\/sitio\/ramallo-el-temporal-hundio-una-embarcacion-con-dos-personas-a-bordo\/","title":{"rendered":"RAMALLO | El temporal hundi\u00f3 una embarcaci\u00f3n con dos personas a bordo"},"content":{"rendered":"<!-- VideographyWP Plugin Message: Automatic video embedding prevented by plugin options. -->\n\n<p>En horas de la madrugada de este viernes y a ra\u00edz de la fuerte tormenta que se desat\u00f3 en la zona, la lancha a motor \u00bb Coyote II\u00bb que hab\u00eda zarpado desde San Nicol\u00e1s, fue hallada en el KM 324 del R\u00edo Paran\u00e1, frente al puerto de Ramallo. Estaba dada vuelta y en proceso de hundimiento. Se desconoce hasta el momento la mec\u00e1nica del accidente.<\/p>\n\n\n\n<p>Se desplazaban en ella dos tripulantes de San Nicol\u00e1s. Uno de ellos fue rescatado flotando ya que llevaba chaleco salvavidas. Se trata de un hombre de apellido Aristiqui, mientras se busca intensamente a Cesar Daniel L\u00f3pez. Aristiqui manifest\u00f3 que su acompa\u00f1ante no llevaba chaleco.<\/p>\n\n\n\n<p>Debemos aclarar que en un primer momento trascendi\u00f3 que era Pablo Manzano, pero finalmente no subi\u00f3 a la lancha.<\/p>\n\n\n\n<p>Habr\u00edan partido a realizar una asistencia a una embarcaci\u00f3n en el d\u00eda de ayer. Suelen trasladar inspectores y realizan amarres. Tienen ambos una basta experiencia en tareas en el r\u00edo.<\/p>\n\n\n\n<p>Interviene la Ayudant\u00eda Fiscal de Ramallo.<\/p>\n\n\n\n<p>Gran pesar en familias nicole\u00f1as por est\u00e1s horas<\/p>\n\n\n\n<p>Foto: Ramallo City<\/p>\n","protected":false},"excerpt":{"rendered":"<p>En horas de la madrugada de este viernes y a ra\u00edz de la fuerte tormenta que se desat\u00f3 en la zona, la lancha a motor \u00bb Coyote II\u00bb que hab\u00eda zarpado desde San Nicol\u00e1s, fue hallada en el KM 324 del R\u00edo Paran\u00e1, frente al puerto de Ramallo. Estaba dada vuelta y en proceso de [&hellip;]<\/p>\n","protected":false},"author":4,"featured_media":86797,"comment_status":"open","ping_status":"closed","sticky":false,"template":"","format":"standard","meta":{"om_disable_all_campaigns":false,"_jetpack_memberships_contains_paid_content":false,"footnotes":""},"categories":[621],"tags":[],"class_list":["post-86796","post","type-post","status-publish","format-standard","has-post-thumbnail","hentry","category-regionales"],"aioseo_notices":[],"gutentor_comment":0,"jetpack_featured_media_url":"https:\/\/eldiariodesanpedro.com.ar\/sitio\/wp-content\/uploads\/2021\/01\/no_n56hpf4w3gntqvc20210129_174451_0000.png","jetpack_shortlink":"https:\/\/wp.me\/p6RhLt-mzW","jetpack_sharing_enabled":true,"_links":{"self":[{"href":"https:\/\/eldiariodesanpedro.com.ar\/sitio\/wp-json\/wp\/v2\/posts\/86796","targetHints":{"allow":["GET"]}}],"collection":[{"href":"https:\/\/eldiariodesanpedro.com.ar\/sitio\/wp-json\/wp\/v2\/posts"}],"about":[{"href":"https:\/\/eldiariodesanpedro.com.ar\/sitio\/wp-json\/wp\/v2\/types\/post"}],"author":[{"embeddable":true,"href":"https:\/\/eldiariodesanpedro.com.ar\/sitio\/wp-json\/wp\/v2\/users\/4"}],"replies":[{"embeddable":true,"href":"https:\/\/eldiariodesanpedro.com.ar\/sitio\/wp-json\/wp\/v2\/comments?post=86796"}],"version-history":[{"count":1,"href":"https:\/\/eldiariodesanpedro.com.ar\/sitio\/wp-json\/wp\/v2\/posts\/86796\/revisions"}],"predecessor-version":[{"id":86798,"href":"https:\/\/eldiariodesanpedro.com.ar\/sitio\/wp-json\/wp\/v2\/posts\/86796\/revisions\/86798"}],"wp:featuredmedia":[{"embeddable":true,"href":"https:\/\/eldiariodesanpedro.com.ar\/sitio\/wp-json\/wp\/v2\/media\/86797"}],"wp:attachment":[{"href":"https:\/\/eldiariodesanpedro.com.ar\/sitio\/wp-json\/wp\/v2\/media?parent=86796"}],"wp:term":[{"taxonomy":"category","embeddable":true,"href":"https:\/\/eldiariodesanpedro.com.ar\/sitio\/wp-json\/wp\/v2\/categories?post=86796"},{"taxonomy":"post_tag","embeddable":true,"href":"https:\/\/eldiariodesanpedro.com.ar\/sitio\/wp-json\/wp\/v2\/tags?post=86796"}],"curies":[{"name":"wp","href":"https:\/\/api.w.org\/{rel}","templated":true}]}}