{"id":86793,"date":"2021-01-30T13:09:39","date_gmt":"2021-01-30T16:09:39","guid":{"rendered":"https:\/\/eldiariodesanpedro.com.ar\/sitio\/?p=86793"},"modified":"2021-01-30T13:09:42","modified_gmt":"2021-01-30T16:09:42","slug":"campana-en-plena-pandemia-el-catamaran-sanitario-mi-esperanza-se-encuentra-abandonado","status":"publish","type":"post","link":"https:\/\/eldiariodesanpedro.com.ar\/sitio\/campana-en-plena-pandemia-el-catamaran-sanitario-mi-esperanza-se-encuentra-abandonado\/","title":{"rendered":"CAMPANA | En plena pandemia, el catamar\u00e1n sanitario \u201cMi Esperanza\u201d se encuentra abandonado"},"content":{"rendered":"<!-- VideographyWP Plugin Message: Automatic video embedding prevented by plugin options. -->\n\n<p>Perteneciente a la Fundaci\u00f3n Nuestra Familia, la embarcaci\u00f3n que antes brindaba asistencia m\u00e9dica a los m\u00e1s carenciados del sector isle\u00f1o se encuentra abandonada dentro del predio privado que actualmente constituye el Puerto de Frutos de Campana, a\u00fan a la espera de mantenimiento y a pesar del rol esencial que podr\u00eda tener en medio del actual contexto.<\/p>\n\n\n\n<p>En el a\u00f1o 2000 el gobierno bonaerense otorg\u00f3 en gerenciamiento a la Fundaci\u00f3n Nuestra Familia el catamar\u00e1n sanitario conocido como \u201cMi Esperanza\u201d, dando de esta forma inicio a un proceso de asistencia m\u00e9dica a aquellas familias m\u00e1s necesitadas de todo el Delta del Paran\u00e1, tanto en el territorio perteneciente al Partido de Campana, como Z\u00e1rate, Baradero, Ramallo, San Nicol\u00e1s e incluso localidades pertenecientes a la Provincia de Entre R\u00edos.<\/p>\n\n\n\n<p>La embarcaci\u00f3n sanitaria estaba equipada con equipos de atenci\u00f3n primaria de salud, pudiendo llevarse a cabo procedimientos de cl\u00ednica m\u00e9dica, pediatr\u00eda, ginecolog\u00eda, odontolog\u00eda, rayos X, cardiolog\u00eda, oftalmolog\u00eda, entre otros.<\/p>\n\n\n\n<p>Es por esta raz\u00f3n, dado el actual esquema de emergencia producto del avance del SARS Cov-2 en nuestra regi\u00f3n, que dicha embarcaci\u00f3n resultar\u00eda esencial para el cuidado sanitario y social de aquellas poblaciones que tienen m\u00e1s dificultades para el acceso a este tipo de atenci\u00f3n, tal como es el caso de los habitantes de la isla.<\/p>\n\n\n\n<p>Sin embargo, a pesar de haber estado por a\u00f1os amarrado al puerto de Prefectura Naval Argentina, el barco se encuentra actualmente en tierra, depositado en el predio del Puerto de Frutos de Campana, el cual, como resultado de la Ordenanza 2587 acab\u00f3 siendo donado por parte del gobierno municipal a la empresa Tenaris.<\/p>\n\n\n\n<p>Con el veh\u00edculo all\u00ed detenido, la Fundaci\u00f3n Nuestra Familia contin\u00faa esperando al d\u00eda de hoy la aprobaci\u00f3n de las gestiones necesarias en conjunto con una ayuda econ\u00f3mica por parte del sector p\u00fablico, para poder llevar a cabo una serie de reparaciones indispensables que les permitan volver operar como antes.<\/p>\n\n\n\n<p>Esta asistencia legal y econ\u00f3mica permitir\u00eda, adem\u00e1s de la reparaci\u00f3n de la embarcaci\u00f3n, el retorno al trabajo de toda su tripulaci\u00f3n y un alivio a sus beneficiarios, que tanto requieren de un servicio de salud en el presente contexto.<\/p>\n\n\n\n<p>A simple vista, su mal estado y falta de operatividad son parte de un presente ajeno a aquellos tiempos de trabajo articulado con los Municipios, donde\u00a0en sus mejores momentos, el catamar\u00e1n lograba otorgar unas 10 mil prestaciones sanitarias gratuitas al a\u00f1o. Hoy en d\u00eda, parecieran no importarle a nadie.<\/p>\n\n\n\n<p>Fuente: <a href=\"https:\/\/www.campananoticias.com\/noticia\/65714\/en-plena-pandemia-el-catamarn-sanitario-mi-esperanza-se-encuentra-abandonado\">Campana Noticias<\/a><\/p>\n","protected":false},"excerpt":{"rendered":"<p>Perteneciente a la Fundaci\u00f3n Nuestra Familia, la embarcaci\u00f3n que antes brindaba asistencia m\u00e9dica a los m\u00e1s carenciados del sector isle\u00f1o se encuentra abandonada dentro del predio privado que actualmente constituye el Puerto de Frutos de Campana, a\u00fan a la espera de mantenimiento y a pesar del rol esencial que podr\u00eda tener en medio del actual [&hellip;]<\/p>\n","protected":false},"author":4,"featured_media":86794,"comment_status":"open","ping_status":"closed","sticky":false,"template":"","format":"standard","meta":{"om_disable_all_campaigns":false,"_jetpack_memberships_contains_paid_content":false,"footnotes":""},"categories":[621],"tags":[],"class_list":["post-86793","post","type-post","status-publish","format-standard","has-post-thumbnail","hentry","category-regionales"],"aioseo_notices":[],"gutentor_comment":0,"jetpack_featured_media_url":"https:\/\/eldiariodesanpedro.com.ar\/sitio\/wp-content\/uploads\/2021\/01\/20210129031111.jpg","jetpack_shortlink":"https:\/\/wp.me\/p6RhLt-mzT","jetpack_sharing_enabled":true,"_links":{"self":[{"href":"https:\/\/eldiariodesanpedro.com.ar\/sitio\/wp-json\/wp\/v2\/posts\/86793","targetHints":{"allow":["GET"]}}],"collection":[{"href":"https:\/\/eldiariodesanpedro.com.ar\/sitio\/wp-json\/wp\/v2\/posts"}],"about":[{"href":"https:\/\/eldiariodesanpedro.com.ar\/sitio\/wp-json\/wp\/v2\/types\/post"}],"author":[{"embeddable":true,"href":"https:\/\/eldiariodesanpedro.com.ar\/sitio\/wp-json\/wp\/v2\/users\/4"}],"replies":[{"embeddable":true,"href":"https:\/\/eldiariodesanpedro.com.ar\/sitio\/wp-json\/wp\/v2\/comments?post=86793"}],"version-history":[{"count":1,"href":"https:\/\/eldiariodesanpedro.com.ar\/sitio\/wp-json\/wp\/v2\/posts\/86793\/revisions"}],"predecessor-version":[{"id":86795,"href":"https:\/\/eldiariodesanpedro.com.ar\/sitio\/wp-json\/wp\/v2\/posts\/86793\/revisions\/86795"}],"wp:featuredmedia":[{"embeddable":true,"href":"https:\/\/eldiariodesanpedro.com.ar\/sitio\/wp-json\/wp\/v2\/media\/86794"}],"wp:attachment":[{"href":"https:\/\/eldiariodesanpedro.com.ar\/sitio\/wp-json\/wp\/v2\/media?parent=86793"}],"wp:term":[{"taxonomy":"category","embeddable":true,"href":"https:\/\/eldiariodesanpedro.com.ar\/sitio\/wp-json\/wp\/v2\/categories?post=86793"},{"taxonomy":"post_tag","embeddable":true,"href":"https:\/\/eldiariodesanpedro.com.ar\/sitio\/wp-json\/wp\/v2\/tags?post=86793"}],"curies":[{"name":"wp","href":"https:\/\/api.w.org\/{rel}","templated":true}]}}