{"id":86790,"date":"2021-01-30T13:07:53","date_gmt":"2021-01-30T16:07:53","guid":{"rendered":"https:\/\/eldiariodesanpedro.com.ar\/sitio\/?p=86790"},"modified":"2021-01-30T13:07:59","modified_gmt":"2021-01-30T16:07:59","slug":"campana-vuelco-en-el-salto-mortal-de-la-ruta-6","status":"publish","type":"post","link":"https:\/\/eldiariodesanpedro.com.ar\/sitio\/campana-vuelco-en-el-salto-mortal-de-la-ruta-6\/","title":{"rendered":"CAMPANA | Vuelco en el \u00absalto mortal\u00bb de la Ruta 6"},"content":{"rendered":"<!-- VideographyWP Plugin Message: Automatic video embedding prevented by plugin options. -->\n\n<p>A metros de donde un automovilista perdi\u00f3 la vida, d\u00edas pasados, tras ser aplastado por un cami\u00f3n, un Renault Clio conducido por una zarate\u00f1a termin\u00f3 volcando. La conductora fue hospitalizada por Bomberos.<\/p>\n\n\n\n<p>Varios automovilistas fueron testigos de un vuelco, ocurrido esta ma\u00f1ana cerca de las 8, cuando un auto perdi\u00f3 estabilidad al pasar sobre un marcado desnivel que presenta la Ruta 6, a metros del puente y de la bajada a la empresa Tenaris.<\/p>\n\n\n\n<p>Se trata de un Renault Clio el cual circulaba sentido a Z\u00e1rate. Por fortuna, adem\u00e1s de los da\u00f1os materiales del rodado, el cual qued\u00f3 invertido, no hubo que lamentar heridas de consideraci\u00f3n.<\/p>\n\n\n\n<p>No obstante, la conductora identificada como Yesica Romina Marzari, oriunda de la vecina localidad, fue trasladada al Hospital San Jos\u00e9 de manera preventiva por un m\u00f3vil de bomberos voluntarios.<\/p>\n\n\n\n<p>Un m\u00f3vil Policial a cargo de la Of. Benedetti se hizo presente en el lugar y se\u00f1aliz\u00f3 la escena para evitar nuevos accidentes. Recordemos que a pocos metros de all\u00ed, d\u00edas pasados un vecino perdi\u00f3 la vida tras ser aplastado por el cisterna que se desprendi\u00f3 de un cami\u00f3n, tal vez v\u00edctima del mismo salto mortal y de las m\u00faltiples roturas que presenta el trazado.<\/p>\n\n\n\n<p>Fuenet: <a href=\"https:\/\/www.campananoticias.com\/noticia\/65724\/vuelco-en-el-salto-mortal-de-la-ruta-6\">Campana Noticias<\/a><\/p>\n","protected":false},"excerpt":{"rendered":"<p>A metros de donde un automovilista perdi\u00f3 la vida, d\u00edas pasados, tras ser aplastado por un cami\u00f3n, un Renault Clio conducido por una zarate\u00f1a termin\u00f3 volcando. La conductora fue hospitalizada por Bomberos. Varios automovilistas fueron testigos de un vuelco, ocurrido esta ma\u00f1ana cerca de las 8, cuando un auto perdi\u00f3 estabilidad al pasar sobre un [&hellip;]<\/p>\n","protected":false},"author":4,"featured_media":86791,"comment_status":"open","ping_status":"closed","sticky":false,"template":"","format":"standard","meta":{"om_disable_all_campaigns":false,"_jetpack_memberships_contains_paid_content":false,"footnotes":""},"categories":[621],"tags":[],"class_list":["post-86790","post","type-post","status-publish","format-standard","has-post-thumbnail","hentry","category-regionales"],"aioseo_notices":[],"gutentor_comment":0,"jetpack_featured_media_url":"https:\/\/eldiariodesanpedro.com.ar\/sitio\/wp-content\/uploads\/2021\/01\/20210130102755.jpeg","jetpack_shortlink":"https:\/\/wp.me\/p6RhLt-mzQ","jetpack_sharing_enabled":true,"_links":{"self":[{"href":"https:\/\/eldiariodesanpedro.com.ar\/sitio\/wp-json\/wp\/v2\/posts\/86790","targetHints":{"allow":["GET"]}}],"collection":[{"href":"https:\/\/eldiariodesanpedro.com.ar\/sitio\/wp-json\/wp\/v2\/posts"}],"about":[{"href":"https:\/\/eldiariodesanpedro.com.ar\/sitio\/wp-json\/wp\/v2\/types\/post"}],"author":[{"embeddable":true,"href":"https:\/\/eldiariodesanpedro.com.ar\/sitio\/wp-json\/wp\/v2\/users\/4"}],"replies":[{"embeddable":true,"href":"https:\/\/eldiariodesanpedro.com.ar\/sitio\/wp-json\/wp\/v2\/comments?post=86790"}],"version-history":[{"count":1,"href":"https:\/\/eldiariodesanpedro.com.ar\/sitio\/wp-json\/wp\/v2\/posts\/86790\/revisions"}],"predecessor-version":[{"id":86792,"href":"https:\/\/eldiariodesanpedro.com.ar\/sitio\/wp-json\/wp\/v2\/posts\/86790\/revisions\/86792"}],"wp:featuredmedia":[{"embeddable":true,"href":"https:\/\/eldiariodesanpedro.com.ar\/sitio\/wp-json\/wp\/v2\/media\/86791"}],"wp:attachment":[{"href":"https:\/\/eldiariodesanpedro.com.ar\/sitio\/wp-json\/wp\/v2\/media?parent=86790"}],"wp:term":[{"taxonomy":"category","embeddable":true,"href":"https:\/\/eldiariodesanpedro.com.ar\/sitio\/wp-json\/wp\/v2\/categories?post=86790"},{"taxonomy":"post_tag","embeddable":true,"href":"https:\/\/eldiariodesanpedro.com.ar\/sitio\/wp-json\/wp\/v2\/tags?post=86790"}],"curies":[{"name":"wp","href":"https:\/\/api.w.org\/{rel}","templated":true}]}}