{"id":8679,"date":"2016-10-10T18:52:22","date_gmt":"2016-10-10T21:52:22","guid":{"rendered":"https:\/\/eldiariodesanpedro.com.ar\/sitio\/?p=8679"},"modified":"2016-10-10T18:52:22","modified_gmt":"2016-10-10T21:52:22","slug":"bennazar-se-reunio-con-lucas-llach-vicepresidente-del-banco-central","status":"publish","type":"post","link":"https:\/\/eldiariodesanpedro.com.ar\/sitio\/bennazar-se-reunio-con-lucas-llach-vicepresidente-del-banco-central\/","title":{"rendered":"Bennazar se reuni\u00f3 con Lucas Llach, vicepresidente del Banco Central"},"content":{"rendered":"<p><!-- VideographyWP Plugin Message: Automatic video embedding prevented by plugin options. --><br \/>\nLa semana pasada, representantes de la C\u00e1mara Inmobiliaria Argentina se reunieron con Lucas Llach, vicepresidente del Banco Central.<br \/>\nEl motivo del encuentro es afianzar el v\u00ednculo entre las instituciones intercambiando ideas, proyectos de colaboraci\u00f3n rec\u00edproca para interiorizarnos hasta el \u00faltimo detalle sobre el formato UVA y poder as\u00ed transmitirlo a los corredores de todo el pa\u00eds para que a su vez, puedan asesorar a sus clientes sobre este mecanismo de financiaci\u00f3n.<br \/>\nEstuvieron all\u00ed representando a la CIA su presidente Alejandro Juan Bennazar, el vicepresidente 1\u00ba Federico L\u00f3pez Castromil, la representante legal Mar\u00eda del Carmen Leinkoniene, Roberto J. Fiumara, director, y Claudio Vodanovich, secretario.<br \/>\nLos indicadores recientes dan cuenta de que los pron\u00f3sticos que la CIA, publicados en el mes de marzo, son un hecho y esto hace que la instituci\u00f3n sea un referente de opini\u00f3n acerca de la situaci\u00f3n real del mercado inmobiliario. Por este motivo, es permanentemente consultada por especialistas, medios de comunicaci\u00f3n y nos acerca a las m\u00e1ximas autoridades gubernamentales con el fin de generar acciones positivas para el sector que la C\u00e1mara representa.<\/p>\n","protected":false},"excerpt":{"rendered":"<p>La semana pasada, representantes de la C\u00e1mara Inmobiliaria Argentina se reunieron con Lucas Llach, vicepresidente del Banco Central. El motivo del encuentro es afianzar el v\u00ednculo entre las instituciones intercambiando ideas, proyectos de colaboraci\u00f3n rec\u00edproca para interiorizarnos hasta el \u00faltimo detalle sobre el formato UVA y poder as\u00ed transmitirlo a los corredores de todo el [&hellip;]<\/p>\n","protected":false},"author":4,"featured_media":8680,"comment_status":"open","ping_status":"closed","sticky":false,"template":"","format":"standard","meta":{"om_disable_all_campaigns":false,"_jetpack_memberships_contains_paid_content":false,"footnotes":""},"categories":[101,2],"tags":[],"class_list":["post-8679","post","type-post","status-publish","format-standard","has-post-thumbnail","hentry","category-interes-general-locales","category-locales"],"aioseo_notices":[],"gutentor_comment":0,"jetpack_featured_media_url":"https:\/\/eldiariodesanpedro.com.ar\/sitio\/wp-content\/uploads\/2016\/10\/PAGINA-6-02.jpg","jetpack_shortlink":"https:\/\/wp.me\/p6RhLt-2fZ","jetpack_sharing_enabled":true,"_links":{"self":[{"href":"https:\/\/eldiariodesanpedro.com.ar\/sitio\/wp-json\/wp\/v2\/posts\/8679","targetHints":{"allow":["GET"]}}],"collection":[{"href":"https:\/\/eldiariodesanpedro.com.ar\/sitio\/wp-json\/wp\/v2\/posts"}],"about":[{"href":"https:\/\/eldiariodesanpedro.com.ar\/sitio\/wp-json\/wp\/v2\/types\/post"}],"author":[{"embeddable":true,"href":"https:\/\/eldiariodesanpedro.com.ar\/sitio\/wp-json\/wp\/v2\/users\/4"}],"replies":[{"embeddable":true,"href":"https:\/\/eldiariodesanpedro.com.ar\/sitio\/wp-json\/wp\/v2\/comments?post=8679"}],"version-history":[{"count":1,"href":"https:\/\/eldiariodesanpedro.com.ar\/sitio\/wp-json\/wp\/v2\/posts\/8679\/revisions"}],"predecessor-version":[{"id":8681,"href":"https:\/\/eldiariodesanpedro.com.ar\/sitio\/wp-json\/wp\/v2\/posts\/8679\/revisions\/8681"}],"wp:featuredmedia":[{"embeddable":true,"href":"https:\/\/eldiariodesanpedro.com.ar\/sitio\/wp-json\/wp\/v2\/media\/8680"}],"wp:attachment":[{"href":"https:\/\/eldiariodesanpedro.com.ar\/sitio\/wp-json\/wp\/v2\/media?parent=8679"}],"wp:term":[{"taxonomy":"category","embeddable":true,"href":"https:\/\/eldiariodesanpedro.com.ar\/sitio\/wp-json\/wp\/v2\/categories?post=8679"},{"taxonomy":"post_tag","embeddable":true,"href":"https:\/\/eldiariodesanpedro.com.ar\/sitio\/wp-json\/wp\/v2\/tags?post=8679"}],"curies":[{"name":"wp","href":"https:\/\/api.w.org\/{rel}","templated":true}]}}