{"id":86784,"date":"2021-01-30T12:06:39","date_gmt":"2021-01-30T15:06:39","guid":{"rendered":"https:\/\/eldiariodesanpedro.com.ar\/sitio\/?p=86784"},"modified":"2021-01-30T12:06:43","modified_gmt":"2021-01-30T15:06:43","slug":"brenda-rojas-se-clasifico-al-preolimpico-de-brasil","status":"publish","type":"post","link":"https:\/\/eldiariodesanpedro.com.ar\/sitio\/brenda-rojas-se-clasifico-al-preolimpico-de-brasil\/","title":{"rendered":"Brenda Rojas se clasific\u00f3 al Preol\u00edmpico de Brasil"},"content":{"rendered":"<!-- VideographyWP Plugin Message: Automatic video embedding prevented by plugin options. -->\n\n<p>La palista sampedrina fue la m\u00e1s r\u00e1pida en el selectivo de Nordelta y accedi\u00f3 a la competencia que definir\u00e1 quienes van a los Juegos Ol\u00edmpicos de Tokio 2021.<\/p>\n\n\n\n<p>Se disput\u00f3 en Nordelta el selectivo de canotaje para definir qu\u00e9 equipo nacional representar\u00e1 al pa\u00eds en el Preol\u00edmpico de Brasil en el pr\u00f3ximo mes de abril.<\/p>\n\n\n\n<p>All\u00ed Brenda Rojas, la sampedrina surgida en Las Canaletas, se instal\u00f3 como la m\u00e1s r\u00e1pida del pa\u00eds entre las mujeres al marcar los mejores tiempos de los controles internos.<\/p>\n\n\n\n<p>Las pruebas correspond\u00edan a los botes K2 500 metros que clasificaban al equipo m\u00e1s veloz al \u00faltimo Preol\u00edmpico que otorga una plaza m\u00e1s para los juegos de este a\u00f1o.<\/p>\n\n\n\n<p>Rojas fue la m\u00e1s r\u00e1pida de todas ya que as\u00ed lo demostr\u00f3 en cada uno de los botes que integr\u00f3, tanto con Martina Isequilla, Magdalena Garro y Sabrina Ameghino. Y justamente fue con la hist\u00f3rica Ameghino donde hizo el mejor registro de todos siendo entonces el bote que estar\u00e1 en Brasil so\u00f1ando con llegar a Tokio.<\/p>\n\n\n\n<p>En cuanto a los varones, el selectivo se suspendi\u00f3 por un inconveniente interno que ahora deber\u00e1 resolver la Federaci\u00f3n Argentina de Canoas, es decir que Gonzalo Carreras, el baraderense que representa el Club N\u00e1utico San Pedro, se volvi\u00f3 a nuestra ciudad para completar los preparativos aguardando la resoluci\u00f3n pero sin perder de vista la competencia que clasificar\u00e1 al equipo nacional en el Preol\u00edmpico de Brasil. \u00a0<\/p>\n\n\n\n<p>Fuente: <a href=\"https:\/\/www.sanpedroinforma.com.ar\/nota\/123983\/deportes\/brenda-rojas-se-clasifico-al-preolimpico-de-brasil.html\">San Pedro Informa<\/a><\/p>\n","protected":false},"excerpt":{"rendered":"<p>La palista sampedrina fue la m\u00e1s r\u00e1pida en el selectivo de Nordelta y accedi\u00f3 a la competencia que definir\u00e1 quienes van a los Juegos Ol\u00edmpicos de Tokio 2021. Se disput\u00f3 en Nordelta el selectivo de canotaje para definir qu\u00e9 equipo nacional representar\u00e1 al pa\u00eds en el Preol\u00edmpico de Brasil en el pr\u00f3ximo mes de abril. [&hellip;]<\/p>\n","protected":false},"author":4,"featured_media":86785,"comment_status":"open","ping_status":"closed","sticky":false,"template":"","format":"standard","meta":{"om_disable_all_campaigns":false,"_jetpack_memberships_contains_paid_content":false,"footnotes":""},"categories":[101,2],"tags":[],"class_list":["post-86784","post","type-post","status-publish","format-standard","has-post-thumbnail","hentry","category-interes-general-locales","category-locales"],"aioseo_notices":[],"gutentor_comment":0,"jetpack_featured_media_url":"https:\/\/eldiariodesanpedro.com.ar\/sitio\/wp-content\/uploads\/2021\/01\/000089767.jpg","jetpack_shortlink":"https:\/\/wp.me\/p6RhLt-mzK","jetpack_sharing_enabled":true,"_links":{"self":[{"href":"https:\/\/eldiariodesanpedro.com.ar\/sitio\/wp-json\/wp\/v2\/posts\/86784","targetHints":{"allow":["GET"]}}],"collection":[{"href":"https:\/\/eldiariodesanpedro.com.ar\/sitio\/wp-json\/wp\/v2\/posts"}],"about":[{"href":"https:\/\/eldiariodesanpedro.com.ar\/sitio\/wp-json\/wp\/v2\/types\/post"}],"author":[{"embeddable":true,"href":"https:\/\/eldiariodesanpedro.com.ar\/sitio\/wp-json\/wp\/v2\/users\/4"}],"replies":[{"embeddable":true,"href":"https:\/\/eldiariodesanpedro.com.ar\/sitio\/wp-json\/wp\/v2\/comments?post=86784"}],"version-history":[{"count":1,"href":"https:\/\/eldiariodesanpedro.com.ar\/sitio\/wp-json\/wp\/v2\/posts\/86784\/revisions"}],"predecessor-version":[{"id":86786,"href":"https:\/\/eldiariodesanpedro.com.ar\/sitio\/wp-json\/wp\/v2\/posts\/86784\/revisions\/86786"}],"wp:featuredmedia":[{"embeddable":true,"href":"https:\/\/eldiariodesanpedro.com.ar\/sitio\/wp-json\/wp\/v2\/media\/86785"}],"wp:attachment":[{"href":"https:\/\/eldiariodesanpedro.com.ar\/sitio\/wp-json\/wp\/v2\/media?parent=86784"}],"wp:term":[{"taxonomy":"category","embeddable":true,"href":"https:\/\/eldiariodesanpedro.com.ar\/sitio\/wp-json\/wp\/v2\/categories?post=86784"},{"taxonomy":"post_tag","embeddable":true,"href":"https:\/\/eldiariodesanpedro.com.ar\/sitio\/wp-json\/wp\/v2\/tags?post=86784"}],"curies":[{"name":"wp","href":"https:\/\/api.w.org\/{rel}","templated":true}]}}