{"id":8676,"date":"2016-10-10T18:51:26","date_gmt":"2016-10-10T21:51:26","guid":{"rendered":"https:\/\/eldiariodesanpedro.com.ar\/sitio\/?p=8676"},"modified":"2016-10-10T18:51:26","modified_gmt":"2016-10-10T21:51:26","slug":"curso-no-arancelado-sobre-coaching-junto-a-la-camara-de-comercio","status":"publish","type":"post","link":"https:\/\/eldiariodesanpedro.com.ar\/sitio\/curso-no-arancelado-sobre-coaching-junto-a-la-camara-de-comercio\/","title":{"rendered":"Curso no arancelado sobre coaching junto a la C\u00e1mara de Comercio"},"content":{"rendered":"<p><!-- VideographyWP Plugin Message: Automatic video embedding prevented by plugin options. --><br \/>\nEl Centro de Comercio e Industria de San Pedro y la C\u00e1mara Argentina de Comercio invitan a todos los interesados a inscribirse en el curso no arancelado que se dictar\u00e1 el pr\u00f3ximo martes 18 de octubre. La tem\u00e1tica elegida es \u00abCoaching, Nueva Mirada para Mejores Resultados\u00bb y fue la m\u00e1s votada entre las que se pusieron a consideraci\u00f3n hace algunos meses.<br \/>\nEl curso est\u00e1 previsto para un desarrollo de tres horas y la inscripci\u00f3n est\u00e1 abierta llamando a los tel\u00e9fonos 423386 o 425266 y por correo electr\u00f3nico solo a trav\u00e9s de centrodecomerciosp@arnetbiz.com.ar.<br \/>\nEl disertante ser\u00e1 Gustavo Moguilevsky, doctor en Ciencias de la Administraci\u00f3n (U. de Belgrano), mag\u00edster en Periodismo (Columbia University \/ U. de San Andr\u00e9s), licenciado en Administraci\u00f3n (UADE), periodista de Radio y TV (ISER) y periodista (Inst. Grafot\u00e9cnico).<\/p>\n<p>Programa<\/p>\n<p>M\u00f3dulo 1: Introducci\u00f3n al coaching. \u00bfQu\u00e9 es coaching y qu\u00e9 no es coaching? Aspectos destacados del coaching. Los modelos mentales. Cambio personal.<br \/>\nM\u00f3dulo 2: El cambio en las organizaciones. Coaching y cambio organizacional.El coach como agente de cambio. Un modelo de cambio motivacional.<br \/>\nM\u00f3dulo 3: Pr\u00e1ctica de coaching. Juegos de rol.<\/p>\n<p>Detalles<\/p>\n<p>Cuando aprendemos a cambiar nuestra observaci\u00f3n del mundo y del marco en el que operamos, aparecen en nuestra mente las distinciones que nos habilitan para modificar nuestras apreciaciones y, por ende, nuestras conductas. En este taller incorporaremos nuevos conceptos y nuevas distinciones que nos permitir\u00e1n asumir, analizar y modificar nuestros modelos mentales, para crecer como personas y as\u00ed, transformarnos en agentes de cambio dentro de los \u00e1mbitos familiares, laborales y sociales en los que interactuamos<br \/>\nEste curso tiene por objetivo aprender a desarrollar distinciones para cambiar la mirada sobre lo que nos sucede y nuestras interacciones con el mundo exterior. Aprender a utilizar las herramientas del coaching para mejorar nuestra gesti\u00f3n y resultados laborales. Est\u00e1 dirigido al p\u00fablico en general y a personas que trabajan en organizaciones privadas y\/o p\u00fablicas.<\/p>\n","protected":false},"excerpt":{"rendered":"<p>El Centro de Comercio e Industria de San Pedro y la C\u00e1mara Argentina de Comercio invitan a todos los interesados a inscribirse en el curso no arancelado que se dictar\u00e1 el pr\u00f3ximo martes 18 de octubre. La tem\u00e1tica elegida es \u00abCoaching, Nueva Mirada para Mejores Resultados\u00bb y fue la m\u00e1s votada entre las que se [&hellip;]<\/p>\n","protected":false},"author":4,"featured_media":8677,"comment_status":"open","ping_status":"closed","sticky":false,"template":"","format":"standard","meta":{"om_disable_all_campaigns":false,"_jetpack_memberships_contains_paid_content":false,"footnotes":""},"categories":[101,2],"tags":[],"class_list":["post-8676","post","type-post","status-publish","format-standard","has-post-thumbnail","hentry","category-interes-general-locales","category-locales"],"aioseo_notices":[],"gutentor_comment":0,"jetpack_featured_media_url":"https:\/\/eldiariodesanpedro.com.ar\/sitio\/wp-content\/uploads\/2016\/10\/PAGINA-6-01.jpg","jetpack_shortlink":"https:\/\/wp.me\/p6RhLt-2fW","jetpack_sharing_enabled":true,"_links":{"self":[{"href":"https:\/\/eldiariodesanpedro.com.ar\/sitio\/wp-json\/wp\/v2\/posts\/8676","targetHints":{"allow":["GET"]}}],"collection":[{"href":"https:\/\/eldiariodesanpedro.com.ar\/sitio\/wp-json\/wp\/v2\/posts"}],"about":[{"href":"https:\/\/eldiariodesanpedro.com.ar\/sitio\/wp-json\/wp\/v2\/types\/post"}],"author":[{"embeddable":true,"href":"https:\/\/eldiariodesanpedro.com.ar\/sitio\/wp-json\/wp\/v2\/users\/4"}],"replies":[{"embeddable":true,"href":"https:\/\/eldiariodesanpedro.com.ar\/sitio\/wp-json\/wp\/v2\/comments?post=8676"}],"version-history":[{"count":1,"href":"https:\/\/eldiariodesanpedro.com.ar\/sitio\/wp-json\/wp\/v2\/posts\/8676\/revisions"}],"predecessor-version":[{"id":8678,"href":"https:\/\/eldiariodesanpedro.com.ar\/sitio\/wp-json\/wp\/v2\/posts\/8676\/revisions\/8678"}],"wp:featuredmedia":[{"embeddable":true,"href":"https:\/\/eldiariodesanpedro.com.ar\/sitio\/wp-json\/wp\/v2\/media\/8677"}],"wp:attachment":[{"href":"https:\/\/eldiariodesanpedro.com.ar\/sitio\/wp-json\/wp\/v2\/media?parent=8676"}],"wp:term":[{"taxonomy":"category","embeddable":true,"href":"https:\/\/eldiariodesanpedro.com.ar\/sitio\/wp-json\/wp\/v2\/categories?post=8676"},{"taxonomy":"post_tag","embeddable":true,"href":"https:\/\/eldiariodesanpedro.com.ar\/sitio\/wp-json\/wp\/v2\/tags?post=8676"}],"curies":[{"name":"wp","href":"https:\/\/api.w.org\/{rel}","templated":true}]}}