{"id":86709,"date":"2021-01-28T12:41:10","date_gmt":"2021-01-28T15:41:10","guid":{"rendered":"https:\/\/eldiariodesanpedro.com.ar\/sitio\/?p=86709"},"modified":"2021-01-28T12:41:14","modified_gmt":"2021-01-28T15:41:14","slug":"la-eliminacion-de-las-paso-ya-tiene-proyecto-propio-en-la-provincia","status":"publish","type":"post","link":"https:\/\/eldiariodesanpedro.com.ar\/sitio\/la-eliminacion-de-las-paso-ya-tiene-proyecto-propio-en-la-provincia\/","title":{"rendered":"La eliminaci\u00f3n de las PASO ya tiene proyecto propio en la Provincia"},"content":{"rendered":"<!-- VideographyWP Plugin Message: Automatic video embedding prevented by plugin options. -->\n\n<p>El bloque 17 de Noviembre, aliado del oficialismo en la Legislatura provincial, present\u00f3 un proyecto para suprimir las Primarias Abiertas Simult\u00e1neas y Obligatorias. Proponen que los recursos sean girados a los distritos mediante la coparticipaci\u00f3n.<\/p>\n\n\n\n<p>As\u00ed como se da la discusi\u00f3n en el \u00e1mbito nacional, la provincia de Buenos Aires no se mantiene ajena. Es que, la eliminaci\u00f3n de las&nbsp;Primarias Abiertas Simult\u00e1neas y Obligatorias (PASO) ingres\u00f3 en el debate legislativo.<\/p>\n\n\n\n<p>En definitiva, el bloque 17 de Noviembre, presidido por Mario Giacobbe y acompa\u00f1ado por Fabio Britos, buscar\u00e1&nbsp;avanzar en la supresi\u00f3n de las PASO. El eje de la propuesta es el gasto econ\u00f3mico que las internas representan en una \u00e9poca de crsis agravada por la pandemia de coronavirus.<\/p>\n\n\n\n<p>En ese marco, el dirigente de Chivilcoy detall\u00f3 que buscar\u00e1n que los 12 mil millones de pesos que corresponden al desempe\u00f1o electoral, seg\u00fan lo establece el Presupuesto, sean fondos para cada comuna. Para ello, establecen al Coeficiente \u00danico de Distribuci\u00f3n (CUD) como el motor para el reparto entre los 135 distritos.<\/p>\n\n\n\n<p>Asimismo, los recursos para las comunas estar\u00edan comprometidos a obras en Escuelas en un 50 por ciento y el restante 50 por ciento de libre disponibilidad.\u00a0\u00abEn estos tiempos invertir en educaci\u00f3n y obras es esencial y las PASO se transformaron solamente en una gran encuesta\u00bb, sostuvo Britos.<br><br>La propuesta del bloque aliado del gobierno de Axel Kicillof en la Legislatura bonaerense ya encontr\u00f3 adeptos entre los alcaldes. Claro est\u00e1, la liga de intendentes independientes que conduce el chivilcoyano Guillermo Britos, hermano del diputado Fabio, lanz\u00f3 su acompa\u00f1amieto.<br><br>Al respecto, el jefe comunal de Chivilcoy, asegur\u00f3 que \u00abtenemos que mirar el aspecto sanitario antes de priorizar lo que le conviene a cada partido pol\u00edtico\u201d. Y a\u00f1adi\u00f3 que, en contexto de pandemia, las PASO \u201cno tienen sentido. Son un gasto extraordinario para el Estado y no definen nada\u201d, aclarando que hablaba a t\u00edtulo personal y no en representaci\u00f3n del grupo vecinalista.<br><br>En di\u00e1logo con La Tecla.info, el alcalde de Salliquel\u00f3, Juan Miguel Nosetti, se manifest\u00f3 en el mismo sentido que el chivilcoyano. \u00abMi postura personal tambi\u00e9n es contraria. Es una encuesta pagada por todos y muy cara para agrupaciones municipales como la nuestra. En este momento y con esta situaci\u00f3n sanitaria no aportar\u00eda nada\u00bb, expres\u00f3.<br><br>Por su parte, el alcalde de Villarino, Carlos Bevilacqua, tambi\u00e9n rechaz\u00f3 la realizaci\u00f3n de las PASO en 2021, asegurando que \u00abes un gasto innecesario, con los problemas que hay en el pa\u00eds. Si alg\u00fan partido tiene ganas de dirimir el liderazgo de su partido que lo pague con su propio presupuesto, con los recursos propios que tenga cada uno\u00bb.\u00a0<br><br>\u00abNo puede ser que se gasten millonadas de pesos en eso, cuando la prioridad est\u00e1 en otras cuestiones.\u00a0Esos recursos hay que ponerlos para Salud, para el tema de la pandemia, para Seguridad\u00bb, finaliz\u00f3.<\/p>\n\n\n\n<p>Fuente: <a href=\"https:\/\/www.latecla.info\/118320-la-eliminacion-de-las-paso-ya-tiene-proyecto-propio-en-\">La Tecla<\/a><\/p>\n","protected":false},"excerpt":{"rendered":"<p>El bloque 17 de Noviembre, aliado del oficialismo en la Legislatura provincial, present\u00f3 un proyecto para suprimir las Primarias Abiertas Simult\u00e1neas y Obligatorias. Proponen que los recursos sean girados a los distritos mediante la coparticipaci\u00f3n. As\u00ed como se da la discusi\u00f3n en el \u00e1mbito nacional, la provincia de Buenos Aires no se mantiene ajena. Es [&hellip;]<\/p>\n","protected":false},"author":4,"featured_media":86710,"comment_status":"open","ping_status":"closed","sticky":false,"template":"","format":"standard","meta":{"om_disable_all_campaigns":false,"_jetpack_memberships_contains_paid_content":false,"footnotes":""},"categories":[621],"tags":[],"class_list":["post-86709","post","type-post","status-publish","format-standard","has-post-thumbnail","hentry","category-regionales"],"aioseo_notices":[],"gutentor_comment":0,"jetpack_featured_media_url":"https:\/\/eldiariodesanpedro.com.ar\/sitio\/wp-content\/uploads\/2021\/01\/1571623606_713443_1571624085_noticia_normal.jpg","jetpack_shortlink":"https:\/\/wp.me\/p6RhLt-myx","jetpack_sharing_enabled":true,"_links":{"self":[{"href":"https:\/\/eldiariodesanpedro.com.ar\/sitio\/wp-json\/wp\/v2\/posts\/86709","targetHints":{"allow":["GET"]}}],"collection":[{"href":"https:\/\/eldiariodesanpedro.com.ar\/sitio\/wp-json\/wp\/v2\/posts"}],"about":[{"href":"https:\/\/eldiariodesanpedro.com.ar\/sitio\/wp-json\/wp\/v2\/types\/post"}],"author":[{"embeddable":true,"href":"https:\/\/eldiariodesanpedro.com.ar\/sitio\/wp-json\/wp\/v2\/users\/4"}],"replies":[{"embeddable":true,"href":"https:\/\/eldiariodesanpedro.com.ar\/sitio\/wp-json\/wp\/v2\/comments?post=86709"}],"version-history":[{"count":1,"href":"https:\/\/eldiariodesanpedro.com.ar\/sitio\/wp-json\/wp\/v2\/posts\/86709\/revisions"}],"predecessor-version":[{"id":86711,"href":"https:\/\/eldiariodesanpedro.com.ar\/sitio\/wp-json\/wp\/v2\/posts\/86709\/revisions\/86711"}],"wp:featuredmedia":[{"embeddable":true,"href":"https:\/\/eldiariodesanpedro.com.ar\/sitio\/wp-json\/wp\/v2\/media\/86710"}],"wp:attachment":[{"href":"https:\/\/eldiariodesanpedro.com.ar\/sitio\/wp-json\/wp\/v2\/media?parent=86709"}],"wp:term":[{"taxonomy":"category","embeddable":true,"href":"https:\/\/eldiariodesanpedro.com.ar\/sitio\/wp-json\/wp\/v2\/categories?post=86709"},{"taxonomy":"post_tag","embeddable":true,"href":"https:\/\/eldiariodesanpedro.com.ar\/sitio\/wp-json\/wp\/v2\/tags?post=86709"}],"curies":[{"name":"wp","href":"https:\/\/api.w.org\/{rel}","templated":true}]}}