{"id":86706,"date":"2021-01-28T12:38:43","date_gmt":"2021-01-28T15:38:43","guid":{"rendered":"https:\/\/eldiariodesanpedro.com.ar\/sitio\/?p=86706"},"modified":"2021-01-28T12:38:47","modified_gmt":"2021-01-28T15:38:47","slug":"el-50-de-los-argentinos-cree-que-su-situacion-empeorara-en-los-proximos-meses","status":"publish","type":"post","link":"https:\/\/eldiariodesanpedro.com.ar\/sitio\/el-50-de-los-argentinos-cree-que-su-situacion-empeorara-en-los-proximos-meses\/","title":{"rendered":"El 50% de los argentinos cree que su situaci\u00f3n empeorar\u00e1 en los pr\u00f3ximos meses"},"content":{"rendered":"<!-- VideographyWP Plugin Message: Automatic video embedding prevented by plugin options. -->\n\n<p>As\u00ed lo asegura un sondeo de opini\u00f3n realizado por la consultora Circuitos en la Provincia. Una cifra similar asegura que la situaci\u00f3n del pa\u00eds es mala o muy mala. La imagen de los gobiernos nacional y provincial.<\/p>\n\n\n\n<p>Un estudio realizado por la consultora Circuitos en la provincia de Buenos Aires sostiene que la mitad de los encuestados considera que su situaci\u00f3n econ\u00f3mica empeorar\u00e1 en los pr\u00f3ximos meses. As\u00ed, el 34,9% cree que empeorar\u00e1; el 15,2% que lo har\u00e1 mucho; el 29,8% que se mantendr\u00e1 igual; el 12,1 que mejorar\u00e1 y el 4,9 por ciento que mejorar\u00e1 mucho.<\/p>\n\n\n\n<p>En cuanto a la situaci\u00f3n del pa\u00eds, el 32,% de los consultados cree que es muy mala; el 21,8% que es mala, el 25,3 por ciento que es regular; el 12,3% que es buena y el 4,8 por ciento que es muy buena.<\/p>\n\n\n\n<p>En relaci\u00f3n a la gesti\u00f3n del Gobierno nacional, el 18,6% considera que es muy buena; el 17,4% que es buena; el 21,7% que es regular; el 20,4% que es mala y un 20,1 por ciento considera que es muy mala.<\/p>\n\n\n\n<p>Al preguntarse lo mismo sobre la gesti\u00f3n de Axel Kicillof en la Provincia, un 18 por ciento dijo que es muy buena; el 15,3% que es buena; el 14,1% que es regular; el 18,3% que es mala y el 29,4% que es muy mala.<\/p>\n\n\n\n<p>Adem\u00e1s, Circuitos sonde\u00f3 el nivel de representaci\u00f3n de los diferentes espacios pol\u00edticos en la poblaci\u00f3n. As\u00ed, el 32,1% dijo sentirse representado por el kirchnerismo; el 11,2% por el PRO; un porcentaje similar por el radicalismo; el 9,2% por el peronismo no kirchnerista; el 3,2% por la izquierda; el 1,7% por los libertarios; el 1,5% por otros espacios y el 29,9 por ciento dijo no sentirse representado por ninguno.\u00a0<\/p>\n\n\n\n<p>Fuente: <a href=\"https:\/\/www.latecla.info\/118340-el-50-de-los-argentinos-cree-que-su-situacion-empeorara\">La Tecla<\/a><\/p>\n","protected":false},"excerpt":{"rendered":"<p>As\u00ed lo asegura un sondeo de opini\u00f3n realizado por la consultora Circuitos en la Provincia. Una cifra similar asegura que la situaci\u00f3n del pa\u00eds es mala o muy mala. La imagen de los gobiernos nacional y provincial. Un estudio realizado por la consultora Circuitos en la provincia de Buenos Aires sostiene que la mitad de [&hellip;]<\/p>\n","protected":false},"author":4,"featured_media":86707,"comment_status":"open","ping_status":"closed","sticky":false,"template":"","format":"standard","meta":{"om_disable_all_campaigns":false,"_jetpack_memberships_contains_paid_content":false,"footnotes":""},"categories":[621],"tags":[],"class_list":["post-86706","post","type-post","status-publish","format-standard","has-post-thumbnail","hentry","category-regionales"],"aioseo_notices":[],"gutentor_comment":0,"jetpack_featured_media_url":"https:\/\/eldiariodesanpedro.com.ar\/sitio\/wp-content\/uploads\/2021\/01\/51488_3.jpg","jetpack_shortlink":"https:\/\/wp.me\/p6RhLt-myu","jetpack_sharing_enabled":true,"_links":{"self":[{"href":"https:\/\/eldiariodesanpedro.com.ar\/sitio\/wp-json\/wp\/v2\/posts\/86706","targetHints":{"allow":["GET"]}}],"collection":[{"href":"https:\/\/eldiariodesanpedro.com.ar\/sitio\/wp-json\/wp\/v2\/posts"}],"about":[{"href":"https:\/\/eldiariodesanpedro.com.ar\/sitio\/wp-json\/wp\/v2\/types\/post"}],"author":[{"embeddable":true,"href":"https:\/\/eldiariodesanpedro.com.ar\/sitio\/wp-json\/wp\/v2\/users\/4"}],"replies":[{"embeddable":true,"href":"https:\/\/eldiariodesanpedro.com.ar\/sitio\/wp-json\/wp\/v2\/comments?post=86706"}],"version-history":[{"count":1,"href":"https:\/\/eldiariodesanpedro.com.ar\/sitio\/wp-json\/wp\/v2\/posts\/86706\/revisions"}],"predecessor-version":[{"id":86708,"href":"https:\/\/eldiariodesanpedro.com.ar\/sitio\/wp-json\/wp\/v2\/posts\/86706\/revisions\/86708"}],"wp:featuredmedia":[{"embeddable":true,"href":"https:\/\/eldiariodesanpedro.com.ar\/sitio\/wp-json\/wp\/v2\/media\/86707"}],"wp:attachment":[{"href":"https:\/\/eldiariodesanpedro.com.ar\/sitio\/wp-json\/wp\/v2\/media?parent=86706"}],"wp:term":[{"taxonomy":"category","embeddable":true,"href":"https:\/\/eldiariodesanpedro.com.ar\/sitio\/wp-json\/wp\/v2\/categories?post=86706"},{"taxonomy":"post_tag","embeddable":true,"href":"https:\/\/eldiariodesanpedro.com.ar\/sitio\/wp-json\/wp\/v2\/tags?post=86706"}],"curies":[{"name":"wp","href":"https:\/\/api.w.org\/{rel}","templated":true}]}}