{"id":86703,"date":"2021-01-28T12:34:31","date_gmt":"2021-01-28T15:34:31","guid":{"rendered":"https:\/\/eldiariodesanpedro.com.ar\/sitio\/?p=86703"},"modified":"2021-01-28T12:34:32","modified_gmt":"2021-01-28T15:34:32","slug":"san-nicolas-pedirian-juicio-politico-al-intendente-de-san-nicolas","status":"publish","type":"post","link":"https:\/\/eldiariodesanpedro.com.ar\/sitio\/san-nicolas-pedirian-juicio-politico-al-intendente-de-san-nicolas\/","title":{"rendered":"SAN NICOL\u00c1S | Pedir\u00edan juicio pol\u00edtico al Intendente de San Nicol\u00e1s"},"content":{"rendered":"<!-- VideographyWP Plugin Message: Automatic video embedding prevented by plugin options. -->\n\n<p>As\u00ed lo asegur\u00f3 Ruben Aquino, abogado de los ambientalistas que defienden el parque y quien fuera tambi\u00e9n golpeado y detenido por la polic\u00eda bonaerense<\/p>\n\n\n\n<p>La jornada del martes 26 de enero no fue una m\u00e1s para la localidad bonaerense de San Nicol\u00e1s. Es que violento episodio, fuerzas policiales arrestaron a un grupo de ambientalistas que protestaban contra la realizaci\u00f3n de obras municipales en la Reserva Natural Parque Rafael de Aguiar. La manifestaci\u00f3n se traslad\u00f3 m\u00e1s tarde a la comisar\u00eda local para exigir la liberaci\u00f3n de los detenidos, que denunciaban \u201cel embate del intendente, que quiere pavimentar y destruir parte del parque\u201d. Entre los arrestados se encontraba Rub\u00e9n Andino, presidente del Partido Justicialista (PJ) de San Nicol\u00e1s.<\/p>\n\n\n\n<p><em>Andino, en contacto con INFOCIELO aclar\u00f3 que nada tiene que ver su actividad pol\u00edtica con su presencia entre los ambientalistas de San Nicol\u00e1s ya que ah\u00ed su tarea es ejercer su rol de abogado profesi\u00f3n en la que trabaja y de la cual vive. Sin querer, fue uno de los grandes protagonistas de la jornada. Es que, seg\u00fan los hechos comenzaron a desarrollarse cuando a Andino -ex director municipal de Seguridad- se le qued\u00f3 veh\u00edculo sobre el camino y de esa manera impidi\u00f3 el paso de las m\u00e1quinas municipales que se hallan realizando tareas de reparaci\u00f3n en el lugar. A partir de ah\u00ed, luego de algunas discusiones, llegaron los efectivos policiales quienes aseguraban \u00abestar cumpliendo \u00f3rdenes\u00bb de arriba. Sin mediar palabras comenzaron a pegarles a los presentes para luego llevarlos detenidos: \u00abNunca opusimos resistencia como quisieron hacer creer o como mal informaron algunos medios locales oficialistas, creo que si nos opon\u00edamos, por la brutalidad con la que actuaron por lo menos iban a matar a alguno de nosotros\u00bb.<\/em><\/p>\n\n\n\n<p>Fuente: <a href=\"https:\/\/infocielo.com\/san-nicolas\/pedirian-juicio-politico-al-intendente-n703468\">Infocielo<\/a><\/p>\n\n\n\n<p><a href=\"https:\/\/media.infocielo.com\/p\/f6a63de60164eb8ecba291245c925f01\/adjuntos\/299\/imagenes\/001\/020\/0001020555\/uno-los-detenidos-la-brutal-represion-san-nicolas.jpeg\"><\/a><\/p>\n","protected":false},"excerpt":{"rendered":"<p>As\u00ed lo asegur\u00f3 Ruben Aquino, abogado de los ambientalistas que defienden el parque y quien fuera tambi\u00e9n golpeado y detenido por la polic\u00eda bonaerense La jornada del martes 26 de enero no fue una m\u00e1s para la localidad bonaerense de San Nicol\u00e1s. Es que violento episodio, fuerzas policiales arrestaron a un grupo de ambientalistas que [&hellip;]<\/p>\n","protected":false},"author":4,"featured_media":86704,"comment_status":"open","ping_status":"closed","sticky":false,"template":"","format":"standard","meta":{"om_disable_all_campaigns":false,"_jetpack_memberships_contains_paid_content":false,"footnotes":""},"categories":[621],"tags":[],"class_list":["post-86703","post","type-post","status-publish","format-standard","has-post-thumbnail","hentry","category-regionales"],"aioseo_notices":[],"gutentor_comment":0,"jetpack_featured_media_url":"https:\/\/eldiariodesanpedro.com.ar\/sitio\/wp-content\/uploads\/2021\/01\/uno-los-detenidos-la-brutal-represion-san-nicolas.jpeg","jetpack_shortlink":"https:\/\/wp.me\/p6RhLt-myr","jetpack_sharing_enabled":true,"_links":{"self":[{"href":"https:\/\/eldiariodesanpedro.com.ar\/sitio\/wp-json\/wp\/v2\/posts\/86703","targetHints":{"allow":["GET"]}}],"collection":[{"href":"https:\/\/eldiariodesanpedro.com.ar\/sitio\/wp-json\/wp\/v2\/posts"}],"about":[{"href":"https:\/\/eldiariodesanpedro.com.ar\/sitio\/wp-json\/wp\/v2\/types\/post"}],"author":[{"embeddable":true,"href":"https:\/\/eldiariodesanpedro.com.ar\/sitio\/wp-json\/wp\/v2\/users\/4"}],"replies":[{"embeddable":true,"href":"https:\/\/eldiariodesanpedro.com.ar\/sitio\/wp-json\/wp\/v2\/comments?post=86703"}],"version-history":[{"count":1,"href":"https:\/\/eldiariodesanpedro.com.ar\/sitio\/wp-json\/wp\/v2\/posts\/86703\/revisions"}],"predecessor-version":[{"id":86705,"href":"https:\/\/eldiariodesanpedro.com.ar\/sitio\/wp-json\/wp\/v2\/posts\/86703\/revisions\/86705"}],"wp:featuredmedia":[{"embeddable":true,"href":"https:\/\/eldiariodesanpedro.com.ar\/sitio\/wp-json\/wp\/v2\/media\/86704"}],"wp:attachment":[{"href":"https:\/\/eldiariodesanpedro.com.ar\/sitio\/wp-json\/wp\/v2\/media?parent=86703"}],"wp:term":[{"taxonomy":"category","embeddable":true,"href":"https:\/\/eldiariodesanpedro.com.ar\/sitio\/wp-json\/wp\/v2\/categories?post=86703"},{"taxonomy":"post_tag","embeddable":true,"href":"https:\/\/eldiariodesanpedro.com.ar\/sitio\/wp-json\/wp\/v2\/tags?post=86703"}],"curies":[{"name":"wp","href":"https:\/\/api.w.org\/{rel}","templated":true}]}}