{"id":86700,"date":"2021-01-28T12:32:34","date_gmt":"2021-01-28T15:32:34","guid":{"rendered":"https:\/\/eldiariodesanpedro.com.ar\/sitio\/?p=86700"},"modified":"2021-01-28T12:32:38","modified_gmt":"2021-01-28T15:32:38","slug":"san-nicolas-asi-es-la-reserva-natural-que-esta-en-peligro","status":"publish","type":"post","link":"https:\/\/eldiariodesanpedro.com.ar\/sitio\/san-nicolas-asi-es-la-reserva-natural-que-esta-en-peligro\/","title":{"rendered":"SAN NICOL\u00c1S | As\u00ed es la Reserva natural que est\u00e1 en peligro"},"content":{"rendered":"<!-- VideographyWP Plugin Message: Automatic video embedding prevented by plugin options. -->\n\n<p>Personal policial arrest\u00f3 a un grupo de personas que reclamaba en la Reserva Natural por el avance de las obras ilegales que el municipio realiza en el lugar<\/p>\n\n\n\n<p>En horas de la tarde de este martes personal policial arrest\u00f3 a un grupo de personas que reclamaba en Reserva Natural Parque Aguiar de San Nicol\u00e1s por el avance de las obras que el municipio realiza en el lugar. Denuncian que se utiliza material contaminante.<\/p>\n\n\n\n<p>La defensa por parte de los ambientalistas tiene que ver con que se encuentra en juego por un lado el relieve geol\u00f3gico del sitio protegido con la seguridad de las personas que concurren al lugar de esparcimiento. Las situaciones entonces de permanentes derrumbes generadas seg\u00fan las oscilaciones del caudal de agua del R\u00edo Paran\u00e1 autorizar\u00edan la realizaci\u00f3n de las obras proyectadas y que fueran denunciadas al expediente en su oportunidad.<\/p>\n\n\n\n<p>El Parque Rafael de Aguiar es una reserva natural de 1500 hect\u00e1reas que se extiende sobre la costa del arroyo Yaguar\u00f3n. Es un escenario ideal para realizar actividad f\u00edsica, paseos recreativos y fotogr\u00e1ficos rodeado de naturaleza.<\/p>\n\n\n\n<p>Su flora y fauna aut\u00f3ctona incluye alrededor de 150 especies de aves, numerosas especies de peces, 14 especies de mam\u00edferos (destac\u00e1ndose el lobito de r\u00edo), 13 especies de anfibios, 12 especies de reptiles y casi 230 especies de plantas.<\/p>\n\n\n\n<p>Creado en 1959, es utilizado como una herramienta de educaci\u00f3n ambiental, recibiendo asimismo la visita de cient\u00edficos, estudiantes, turistas, observadores de aves, etc.<\/p>\n\n\n\n<p>La Municipalidad de San Nicol\u00e1s afirma que el camino de entrada a la Reserva Natural Parque Rafael de Aguiar, que sufri\u00f3 un derrumbe meses atr\u00e1s, representa un \u201ceventual peligro para los concurrentes\u201d y por ello es necesario \u201cefectuar los movimientos de terreno artificiales y pertinentes en el Parque Aguiar de fin de proteger la salud de los transe\u00fantes del lugar\u201d.<\/p>\n\n\n\n<p>Como el parque es una reserva natural, los arreglos tuvieron que tramitarse por v\u00eda judicial y en noviembre del a\u00f1o pasado la Municipalidad recibi\u00f3 una resoluci\u00f3n del Juzgado Contencioso de la ciudad de Jun\u00edn, que indica la necesidad de continuar \u201cde manera inmediata\u201d con los trabajos de restauraci\u00f3n.<\/p>\n\n\n\n<p>Pero para los manifestantes la situaci\u00f3n es muy diferente. Seg\u00fan cont\u00f3 en Twitter el abogado ambientalista Enrique Viale, \u201cen San Nicol\u00e1s un grupo de vecinos est\u00e1 defendiendo una Reserva Natural (Parque Aguiar) ante el embate del intendente que quiere pavimentar y destruir parte del parque\u201d. Agreg\u00f3 que \u201choy (por ayer) se sentaron pac\u00edficamente para que las m\u00e1quinas no arrasen y fueron violentamente reprimidos y detenidos\u201d.<\/p>\n\n\n\n<p>El letrado asegur\u00f3 que \u201cdesde la Intendencia de San Nicol\u00e1s no informan siquiera qu\u00e9 es lo que quieren hacer, pero el proceso de destrucci\u00f3n de los ecosistemas de la Reserva Natural ya comenz\u00f3. Los vecinos que se oponen son golpeados y judicializados\u201d. Agreg\u00f3 que \u201clos Passaglia (la familia del intendente) son accionistas de empresas de cemento y est\u00e1n, adem\u00e1s, imputados por los incendios en los humedales del Paran\u00e1\u201d.<\/p>\n\n\n\n<p>Se hicieron eco de los hechos muchas organizaciones de defensa del medio ambiente, que denunciaron la \u201crepresi\u00f3n\u201d policial en el Parque.<\/p>\n\n\n\n<p>El objetivo del intendente, aseguran es \u201cla especulaci\u00f3n inmobiliaria en beneficio de unos pocos mediante la privatizaci\u00f3n de los espacios p\u00fablicos\u201d.<\/p>\n\n\n\n<p>Los ambientalistas se ubicaron en el parque en noviembre de 2020, en cuanto fue publicada la resoluci\u00f3n que habilita las obras. Ayer la protesta, que se realiza de manera pac\u00edfica, termin\u00f3 con once detenidos.<\/p>\n\n\n\n<p>Fuente: <a href=\"https:\/\/infocielo.com\/reserva-natural\/san-nicolas-asi-es-la-que-esta-peligro-n703458\">Infocielo<\/a><\/p>\n","protected":false},"excerpt":{"rendered":"<p>Personal policial arrest\u00f3 a un grupo de personas que reclamaba en la Reserva Natural por el avance de las obras ilegales que el municipio realiza en el lugar En horas de la tarde de este martes personal policial arrest\u00f3 a un grupo de personas que reclamaba en Reserva Natural Parque Aguiar de San Nicol\u00e1s por [&hellip;]<\/p>\n","protected":false},"author":4,"featured_media":86701,"comment_status":"open","ping_status":"closed","sticky":false,"template":"","format":"standard","meta":{"om_disable_all_campaigns":false,"_jetpack_memberships_contains_paid_content":false,"footnotes":""},"categories":[621],"tags":[],"class_list":["post-86700","post","type-post","status-publish","format-standard","has-post-thumbnail","hentry","category-regionales"],"aioseo_notices":[],"gutentor_comment":0,"jetpack_featured_media_url":"https:\/\/eldiariodesanpedro.com.ar\/sitio\/wp-content\/uploads\/2021\/01\/asi-es-la-reserva-natural-que-esta-peligro-san-nicolas.jpg","jetpack_shortlink":"https:\/\/wp.me\/p6RhLt-myo","jetpack_sharing_enabled":true,"_links":{"self":[{"href":"https:\/\/eldiariodesanpedro.com.ar\/sitio\/wp-json\/wp\/v2\/posts\/86700","targetHints":{"allow":["GET"]}}],"collection":[{"href":"https:\/\/eldiariodesanpedro.com.ar\/sitio\/wp-json\/wp\/v2\/posts"}],"about":[{"href":"https:\/\/eldiariodesanpedro.com.ar\/sitio\/wp-json\/wp\/v2\/types\/post"}],"author":[{"embeddable":true,"href":"https:\/\/eldiariodesanpedro.com.ar\/sitio\/wp-json\/wp\/v2\/users\/4"}],"replies":[{"embeddable":true,"href":"https:\/\/eldiariodesanpedro.com.ar\/sitio\/wp-json\/wp\/v2\/comments?post=86700"}],"version-history":[{"count":1,"href":"https:\/\/eldiariodesanpedro.com.ar\/sitio\/wp-json\/wp\/v2\/posts\/86700\/revisions"}],"predecessor-version":[{"id":86702,"href":"https:\/\/eldiariodesanpedro.com.ar\/sitio\/wp-json\/wp\/v2\/posts\/86700\/revisions\/86702"}],"wp:featuredmedia":[{"embeddable":true,"href":"https:\/\/eldiariodesanpedro.com.ar\/sitio\/wp-json\/wp\/v2\/media\/86701"}],"wp:attachment":[{"href":"https:\/\/eldiariodesanpedro.com.ar\/sitio\/wp-json\/wp\/v2\/media?parent=86700"}],"wp:term":[{"taxonomy":"category","embeddable":true,"href":"https:\/\/eldiariodesanpedro.com.ar\/sitio\/wp-json\/wp\/v2\/categories?post=86700"},{"taxonomy":"post_tag","embeddable":true,"href":"https:\/\/eldiariodesanpedro.com.ar\/sitio\/wp-json\/wp\/v2\/tags?post=86700"}],"curies":[{"name":"wp","href":"https:\/\/api.w.org\/{rel}","templated":true}]}}