{"id":86697,"date":"2021-01-28T12:30:09","date_gmt":"2021-01-28T15:30:09","guid":{"rendered":"https:\/\/eldiariodesanpedro.com.ar\/sitio\/?p=86697"},"modified":"2021-01-28T12:30:14","modified_gmt":"2021-01-28T15:30:14","slug":"ordenan-equiparar-salarios-de-jueces-bonaerenses-a-los-nacionales","status":"publish","type":"post","link":"https:\/\/eldiariodesanpedro.com.ar\/sitio\/ordenan-equiparar-salarios-de-jueces-bonaerenses-a-los-nacionales\/","title":{"rendered":"Ordenan equiparar salarios de jueces bonaerenses a los nacionales"},"content":{"rendered":"<!-- VideographyWP Plugin Message: Automatic video embedding prevented by plugin options. -->\n\n<p>En una resoluci\u00f3n de primera instancia, la Justicia orden\u00f3 a la Provincia a equiparar salarios de jueces bonaerenses a los nacionales.<\/p>\n\n\n\n<p>En las \u00faltimas horas un tribunal de Lomas de Zamora orden\u00f3 al Gobierno bonaerense que equipare los salarios de jueces y funcionarios judiciales a los que perciben los magistrados nacionales. El fallo de primera instancia hizo lugar a una acci\u00f3n colectiva que present\u00f3 el Colegio de Magistrados y Funcionarios de la provincia de Buenos Aires.<\/p>\n\n\n\n<p>De esta manera, la Justicia le ordena a la Provincia que lleve a cabo un aumento salarial de los jueces, fiscales y funcionarios judiciales bonaerenses con un tope equivalente a un 80% de lo que perciben sus pares nacionales. El plazo para cumplir con el procedimiento ser\u00e1 de cinco a\u00f1os. No obstante, existe la posibilidad de que el proceso judicial continu\u00e9 ya que se trata de un fallo de primera instancia.<\/p>\n\n\n\n<p>A trav\u00e9s de un comunicado, el Colegio de Magistrados y Funcionarios de la provincia de Buenos Aires detall\u00f3 que fueron notificados \u00abde la sentencia de primera instancia que hace lugar a lo planteado por esta instituci\u00f3n mediante una acci\u00f3n colectiva que impulsa la equiparaci\u00f3n salarial de la justicia bonaerense con las jurisdicciones mejor remuneradas del pa\u00eds. En esa sentencia se ordena al Poder Ejecutivo provincial a que proceda a la recomposici\u00f3n salarial de magistrados y funcionarios, con un tope equivalente al 80 por ciento de la remuneraci\u00f3n de magistrados y funcionarios de la Justicia Nacional, y que complete esa recomposici\u00f3n en 5 a\u00f1os como m\u00e1ximo\u00bb.<\/p>\n\n\n\n<p>\u00abSe reconoce en el pronunciamiento que las y los magistrados y funcionarios bonaerenses han sufrido un severo y sostenido deterioro de sus salarios en los \u00faltimos a\u00f1os, lo que constituye una violaci\u00f3n al principio de Intangibilidad de las remuneraciones, que tiene rango Constitucional como parte del sistema republicano de gobierno\u00bb, explicaron.<\/p>\n\n\n\n<p>En esa l\u00ednea, relataron que \u00abla magnitud de la afectaci\u00f3n de las remuneraciones es tan importante que Buenos Aires qued\u00f3 situada entre las provincias con peores salarios judiciales del pa\u00eds, siendo la que recibe la mayor carga de trabajo y tiene los \u00edndices m\u00e1s elevados de litigiosidad, exhortando el sentenciante a que el estado provincial considere, a los efectos de los incrementos salariales del colectivo, los aumentos de las remuneraciones que se otorgan a los magistrados y funcionarios de la Justicia Nacional, para evitar, de ese modo, volver a generar diferencias salariales de tanta magnitud como las ya sufridas\u00bb.<\/p>\n\n\n\n<p>Luego, describieron que el fallo \u00abse\u00f1ala tambi\u00e9n la circunstancia de no haberse impulsado el proyecto de ley en el que se reclama un r\u00e9gimen de autonom\u00eda presupuestaria y autarqu\u00eda econ\u00f3mico-financiera para Justicia de la provincia de Buenos Aires, acompa\u00f1ado por la S.C.J..B.A., dando ello lugar, a las notas del alto tribunal de fecha 11\/11\/20, 24\/11\/20 y 16\/12\/20, en las que se solicita al Poder Ejecutivo y al Poder Legislativo contemple en la ley de Presupuesto para la Administraci\u00f3n General de la Provincia correspondiente al ejercicio 2021, los recursos adicionales necesarios para hacer frente a los incrementos de los haberes del personal del Poder Judicial, conforme una pol\u00edtica salarial establecida por la S.C.J.P.B.A. orientada a reconocer y jerarquizar las remuneraciones de los magistrados, funcionarios y agentes\u00bb.<\/p>\n\n\n\n<p>\u00abLa trascendencia de esta decisi\u00f3n, alcanzada por el compromiso sostenido de las 19 departamentales y de los m\u00e1s de 7.600 asociadas y asociados, es que constituye un reconocimiento del derecho de las y los bonaerenses a contar con un Poder Judicial jerarquizado y con las condiciones necesarias para garantizar su independencia\u00bb, concluyeron.<\/p>\n\n\n\n<p><a href=\"https:\/\/media.infocielo.com\/p\/eb271a2ef20f72b29a0283dae13eb622\/adjuntos\/299\/imagenes\/000\/792\/0000792209\/la-justicia-fallo-favor-los-jueces-bonaerenses-y-tendran-un-aumento-salarios.jpg\"><\/a><\/p>\n","protected":false},"excerpt":{"rendered":"<p>En una resoluci\u00f3n de primera instancia, la Justicia orden\u00f3 a la Provincia a equiparar salarios de jueces bonaerenses a los nacionales. En las \u00faltimas horas un tribunal de Lomas de Zamora orden\u00f3 al Gobierno bonaerense que equipare los salarios de jueces y funcionarios judiciales a los que perciben los magistrados nacionales. El fallo de primera [&hellip;]<\/p>\n","protected":false},"author":4,"featured_media":86698,"comment_status":"open","ping_status":"closed","sticky":false,"template":"","format":"standard","meta":{"om_disable_all_campaigns":false,"_jetpack_memberships_contains_paid_content":false,"footnotes":""},"categories":[621],"tags":[],"class_list":["post-86697","post","type-post","status-publish","format-standard","has-post-thumbnail","hentry","category-regionales"],"aioseo_notices":[],"gutentor_comment":0,"jetpack_featured_media_url":"https:\/\/eldiariodesanpedro.com.ar\/sitio\/wp-content\/uploads\/2021\/01\/la-justicia-fallo-favor-los-jueces-bonaerenses-y-tendran-un-aumento-salarios.jpg","jetpack_shortlink":"https:\/\/wp.me\/p6RhLt-myl","jetpack_sharing_enabled":true,"_links":{"self":[{"href":"https:\/\/eldiariodesanpedro.com.ar\/sitio\/wp-json\/wp\/v2\/posts\/86697","targetHints":{"allow":["GET"]}}],"collection":[{"href":"https:\/\/eldiariodesanpedro.com.ar\/sitio\/wp-json\/wp\/v2\/posts"}],"about":[{"href":"https:\/\/eldiariodesanpedro.com.ar\/sitio\/wp-json\/wp\/v2\/types\/post"}],"author":[{"embeddable":true,"href":"https:\/\/eldiariodesanpedro.com.ar\/sitio\/wp-json\/wp\/v2\/users\/4"}],"replies":[{"embeddable":true,"href":"https:\/\/eldiariodesanpedro.com.ar\/sitio\/wp-json\/wp\/v2\/comments?post=86697"}],"version-history":[{"count":1,"href":"https:\/\/eldiariodesanpedro.com.ar\/sitio\/wp-json\/wp\/v2\/posts\/86697\/revisions"}],"predecessor-version":[{"id":86699,"href":"https:\/\/eldiariodesanpedro.com.ar\/sitio\/wp-json\/wp\/v2\/posts\/86697\/revisions\/86699"}],"wp:featuredmedia":[{"embeddable":true,"href":"https:\/\/eldiariodesanpedro.com.ar\/sitio\/wp-json\/wp\/v2\/media\/86698"}],"wp:attachment":[{"href":"https:\/\/eldiariodesanpedro.com.ar\/sitio\/wp-json\/wp\/v2\/media?parent=86697"}],"wp:term":[{"taxonomy":"category","embeddable":true,"href":"https:\/\/eldiariodesanpedro.com.ar\/sitio\/wp-json\/wp\/v2\/categories?post=86697"},{"taxonomy":"post_tag","embeddable":true,"href":"https:\/\/eldiariodesanpedro.com.ar\/sitio\/wp-json\/wp\/v2\/tags?post=86697"}],"curies":[{"name":"wp","href":"https:\/\/api.w.org\/{rel}","templated":true}]}}