{"id":86694,"date":"2021-01-28T12:28:16","date_gmt":"2021-01-28T15:28:16","guid":{"rendered":"https:\/\/eldiariodesanpedro.com.ar\/sitio\/?p=86694"},"modified":"2021-01-28T12:28:19","modified_gmt":"2021-01-28T15:28:19","slug":"afip-suspenden-bajas-de-monotributo-por-falta-de-pago","status":"publish","type":"post","link":"https:\/\/eldiariodesanpedro.com.ar\/sitio\/afip-suspenden-bajas-de-monotributo-por-falta-de-pago\/","title":{"rendered":"AFIP: suspenden bajas de monotributo por falta de pago"},"content":{"rendered":"<!-- VideographyWP Plugin Message: Automatic video embedding prevented by plugin options. -->\n\n<p>La AFIP confirm\u00f3 que suspendieron las bajas de monotributo por falta de pago en los primeros tres meses del a\u00f1o.<\/p>\n\n\n\n<p>La Administraci\u00f3n Federal de Ingresos P\u00fablicos (AFIP) estableci\u00f3 que ninguna persona que tenga monotributo ser\u00e1 dado de baja de oficio del r\u00e9gimen por falta de pago de sus obligaciones durante enero, febrero y marzo de este a\u00f1o.<\/p>\n\n\n\n<p>La medida se concret\u00f3 a trav\u00e9s de la resoluci\u00f3n general 4918\/2021 publicada este jueves 28 de enero en el Bolet\u00edn Oficial. Asimismo, se dispuso suspender hasta abril las exclusiones de monotributistas correspondientes a enero y todo otro proceso sist\u00e9mico vinculado al encuadre y categorizaci\u00f3n de los peque\u00f1os contribuyentes.<\/p>\n\n\n\n<p>La normativa extiende distintos beneficios con el objetivo de contener el impacto econ\u00f3mico de la pandemia de coronavirus sobre los monotributistas. Adem\u00e1s, establece la baja del r\u00e9gimen cuando no se abonan diez cuotas consecutivas.<\/p>\n\n\n\n<p>La AFIP resolvi\u00f3 que enero, febrero y marzo no ser\u00e1n computados a los efectos de contabilizar el per\u00edodo necesario para la aplicaci\u00f3n de las bajas sist\u00e9micas. A su vez, existen distintas situaciones previstas en la ley que generan la baja del r\u00e9gimen. La m\u00e1s extendida es cuando la suma de los ingresos brutos del contribuyente excede el m\u00e1ximo establecido por la categor\u00eda m\u00e1xima disponible.<\/p>\n\n\n\n<p>La AFIP defini\u00f3 que esos cruces sist\u00e9micos no ser\u00e1n utilizados hasta abril para proceder con bajas de oficio.<\/p>\n\n\n\n<p>Tambi\u00e9n, a trav\u00e9s de la resoluci\u00f3n general 4917\/2021, el organismo extendi\u00f3 hasta el 31 de marzo pr\u00f3ximo los beneficios en materia de tasas de inter\u00e9s, cantidad de cuotas y calificaci\u00f3n de riesgo previstos para la adhesi\u00f3n temprana a los planes de facilidades de pago permanentes.<\/p>\n\n\n\n<p>D\u00edas atr\u00e1s, oficializ\u00f3 las pr\u00f3rrogas para que los contribuyentes cumplan con distintos reg\u00edmenes de informaci\u00f3n correspondientes a accionistas de sociedades que ingresaron a la moratoria 2020, as\u00ed como a los beneficiarios finales de empresas, fondos comunes de inversi\u00f3n y fideicomisos.<\/p>\n\n\n\n<p>La extensi\u00f3n de los plazos fue instrumentada a trav\u00e9s de las resoluciones generales 4910\/2021, 4911\/2021 y 4912\/2021. La primera de ellas refiere al r\u00e9gimen que obliga a determinados contribuyentes a informar, con car\u00e1cter de declaraci\u00f3n jurada, sus socios, accionistas y titulares de por lo menos el 30% del capital social o similar.<\/p>\n\n\n\n<p>El vencimiento de dicha obligaci\u00f3n se extender\u00e1 hasta el 17 de febrero pr\u00f3ximo para participaciones en entidades adheridas a la moratoria 2020.<\/p>\n\n\n\n<p>La segunda resoluci\u00f3n prorrog\u00f3 el vencimiento del r\u00e9gimen informativo que requiere identificar a las personas humanas con participaciones en sociedades, asociaciones civiles, fundaciones y fondos comunes de inversi\u00f3n como parte de su estrategia de fiscalizaci\u00f3n.<\/p>\n\n\n\n<p><a href=\"https:\/\/media.infocielo.com\/p\/3b2709a1dbd20e8968b86f0585bd9fcb\/adjuntos\/299\/imagenes\/000\/984\/0000984055\/la-afip-lanzo-una-medida-las-personas-que-tengan-monotributo.jpg\"><\/a><\/p>\n","protected":false},"excerpt":{"rendered":"<p>La AFIP confirm\u00f3 que suspendieron las bajas de monotributo por falta de pago en los primeros tres meses del a\u00f1o. La Administraci\u00f3n Federal de Ingresos P\u00fablicos (AFIP) estableci\u00f3 que ninguna persona que tenga monotributo ser\u00e1 dado de baja de oficio del r\u00e9gimen por falta de pago de sus obligaciones durante enero, febrero y marzo de [&hellip;]<\/p>\n","protected":false},"author":4,"featured_media":86695,"comment_status":"open","ping_status":"closed","sticky":false,"template":"","format":"standard","meta":{"om_disable_all_campaigns":false,"_jetpack_memberships_contains_paid_content":false,"footnotes":""},"categories":[101,2],"tags":[],"class_list":["post-86694","post","type-post","status-publish","format-standard","has-post-thumbnail","hentry","category-interes-general-locales","category-locales"],"aioseo_notices":[],"gutentor_comment":0,"jetpack_featured_media_url":"https:\/\/eldiariodesanpedro.com.ar\/sitio\/wp-content\/uploads\/2021\/01\/la-afip-lanzo-una-medida-las-personas-que-tengan-monotributo.jpg","jetpack_shortlink":"https:\/\/wp.me\/p6RhLt-myi","jetpack_sharing_enabled":true,"_links":{"self":[{"href":"https:\/\/eldiariodesanpedro.com.ar\/sitio\/wp-json\/wp\/v2\/posts\/86694","targetHints":{"allow":["GET"]}}],"collection":[{"href":"https:\/\/eldiariodesanpedro.com.ar\/sitio\/wp-json\/wp\/v2\/posts"}],"about":[{"href":"https:\/\/eldiariodesanpedro.com.ar\/sitio\/wp-json\/wp\/v2\/types\/post"}],"author":[{"embeddable":true,"href":"https:\/\/eldiariodesanpedro.com.ar\/sitio\/wp-json\/wp\/v2\/users\/4"}],"replies":[{"embeddable":true,"href":"https:\/\/eldiariodesanpedro.com.ar\/sitio\/wp-json\/wp\/v2\/comments?post=86694"}],"version-history":[{"count":1,"href":"https:\/\/eldiariodesanpedro.com.ar\/sitio\/wp-json\/wp\/v2\/posts\/86694\/revisions"}],"predecessor-version":[{"id":86696,"href":"https:\/\/eldiariodesanpedro.com.ar\/sitio\/wp-json\/wp\/v2\/posts\/86694\/revisions\/86696"}],"wp:featuredmedia":[{"embeddable":true,"href":"https:\/\/eldiariodesanpedro.com.ar\/sitio\/wp-json\/wp\/v2\/media\/86695"}],"wp:attachment":[{"href":"https:\/\/eldiariodesanpedro.com.ar\/sitio\/wp-json\/wp\/v2\/media?parent=86694"}],"wp:term":[{"taxonomy":"category","embeddable":true,"href":"https:\/\/eldiariodesanpedro.com.ar\/sitio\/wp-json\/wp\/v2\/categories?post=86694"},{"taxonomy":"post_tag","embeddable":true,"href":"https:\/\/eldiariodesanpedro.com.ar\/sitio\/wp-json\/wp\/v2\/tags?post=86694"}],"curies":[{"name":"wp","href":"https:\/\/api.w.org\/{rel}","templated":true}]}}