{"id":86691,"date":"2021-01-28T12:18:40","date_gmt":"2021-01-28T15:18:40","guid":{"rendered":"https:\/\/eldiariodesanpedro.com.ar\/sitio\/?p=86691"},"modified":"2021-01-28T12:18:44","modified_gmt":"2021-01-28T15:18:44","slug":"campana-caso-mugas-nueva-marcha-pidiendo-justicia-y-contra-la-impunidad","status":"publish","type":"post","link":"https:\/\/eldiariodesanpedro.com.ar\/sitio\/campana-caso-mugas-nueva-marcha-pidiendo-justicia-y-contra-la-impunidad\/","title":{"rendered":"CAMPANA | Caso Mugas: Nueva marcha pidiendo justicia y contra la impunidad"},"content":{"rendered":"<!-- VideographyWP Plugin Message: Automatic video embedding prevented by plugin options. -->\n\n<p>No hay detenidos por el cr\u00edmen del joven, ocurrido en Las Acacias. El principal sospechoso se fug\u00f3, y los otros dos part\u00edcipes permanecen en libertad. Tambi\u00e9n se sumaron allegados a Tom\u00e1s Maidana, otro joven asesinado en San Felipe cuyo crimen sigue sin esclarecerse. <\/p>\n\n\n\n<p><\/p>\n","protected":false},"excerpt":{"rendered":"<p>No hay detenidos por el cr\u00edmen del joven, ocurrido en Las Acacias. El principal sospechoso se fug\u00f3, y los otros dos part\u00edcipes permanecen en libertad. Tambi\u00e9n se sumaron allegados a Tom\u00e1s Maidana, otro joven asesinado en San Felipe cuyo crimen sigue sin esclarecerse.<\/p>\n","protected":false},"author":4,"featured_media":86692,"comment_status":"open","ping_status":"closed","sticky":false,"template":"","format":"standard","meta":{"om_disable_all_campaigns":false,"_jetpack_memberships_contains_paid_content":false,"footnotes":""},"categories":[621],"tags":[],"class_list":["post-86691","post","type-post","status-publish","format-standard","has-post-thumbnail","hentry","category-regionales"],"aioseo_notices":[],"gutentor_comment":0,"jetpack_featured_media_url":"https:\/\/eldiariodesanpedro.com.ar\/sitio\/wp-content\/uploads\/2021\/01\/20210128102912.jpg","jetpack_shortlink":"https:\/\/wp.me\/p6RhLt-myf","jetpack_sharing_enabled":true,"_links":{"self":[{"href":"https:\/\/eldiariodesanpedro.com.ar\/sitio\/wp-json\/wp\/v2\/posts\/86691","targetHints":{"allow":["GET"]}}],"collection":[{"href":"https:\/\/eldiariodesanpedro.com.ar\/sitio\/wp-json\/wp\/v2\/posts"}],"about":[{"href":"https:\/\/eldiariodesanpedro.com.ar\/sitio\/wp-json\/wp\/v2\/types\/post"}],"author":[{"embeddable":true,"href":"https:\/\/eldiariodesanpedro.com.ar\/sitio\/wp-json\/wp\/v2\/users\/4"}],"replies":[{"embeddable":true,"href":"https:\/\/eldiariodesanpedro.com.ar\/sitio\/wp-json\/wp\/v2\/comments?post=86691"}],"version-history":[{"count":1,"href":"https:\/\/eldiariodesanpedro.com.ar\/sitio\/wp-json\/wp\/v2\/posts\/86691\/revisions"}],"predecessor-version":[{"id":86693,"href":"https:\/\/eldiariodesanpedro.com.ar\/sitio\/wp-json\/wp\/v2\/posts\/86691\/revisions\/86693"}],"wp:featuredmedia":[{"embeddable":true,"href":"https:\/\/eldiariodesanpedro.com.ar\/sitio\/wp-json\/wp\/v2\/media\/86692"}],"wp:attachment":[{"href":"https:\/\/eldiariodesanpedro.com.ar\/sitio\/wp-json\/wp\/v2\/media?parent=86691"}],"wp:term":[{"taxonomy":"category","embeddable":true,"href":"https:\/\/eldiariodesanpedro.com.ar\/sitio\/wp-json\/wp\/v2\/categories?post=86691"},{"taxonomy":"post_tag","embeddable":true,"href":"https:\/\/eldiariodesanpedro.com.ar\/sitio\/wp-json\/wp\/v2\/tags?post=86691"}],"curies":[{"name":"wp","href":"https:\/\/api.w.org\/{rel}","templated":true}]}}