{"id":8669,"date":"2016-10-07T20:02:31","date_gmt":"2016-10-07T23:02:31","guid":{"rendered":"https:\/\/eldiariodesanpedro.com.ar\/sitio\/?p=8669"},"modified":"2016-10-07T20:02:31","modified_gmt":"2016-10-07T23:02:31","slug":"baradero-detienen-a-un-hombre-que-abusaba-de-sus-dos-hijos","status":"publish","type":"post","link":"https:\/\/eldiariodesanpedro.com.ar\/sitio\/baradero-detienen-a-un-hombre-que-abusaba-de-sus-dos-hijos\/","title":{"rendered":"Baradero: Detienen a un hombre que abusaba de sus dos hijos"},"content":{"rendered":"<p><!-- VideographyWP Plugin Message: Automatic video embedding prevented by plugin options. --><br \/>\nLa denuncia fue ratificada por la exmujer de un hombre de 56 a\u00f1os, quien est\u00e1 sospechado desde el a\u00f1o 2010. Est\u00e1 acusado de \u201cAbuso sexual simple agravado\u201d y \u201cAbuso sexual con acceso carnal agravado reiterado en concurso real\u201d; las v\u00edctimas ser\u00edan sus hijos. El detenido est\u00e1 alojado en la Comisar\u00eda de la vecinal localidad.<br \/>\nEl procedimiento se llev\u00f3 a cabo en el d\u00eda de ayer en un establecimiento rural de la localidad de Alsina. Personal de la Sub DDI local dieron cumplimiento a la orden de detenci\u00f3n ordenada por el Tribunal N\u00b0 1 de San Nicol\u00e1s, a cargo de la Dra. Laura Fern\u00e1ndez.<br \/>\nEl hombre de 56 a\u00f1os, padre de las v\u00edctimas, espera su traslado a un penal de la zona.<\/p>\n","protected":false},"excerpt":{"rendered":"<p>La denuncia fue ratificada por la exmujer de un hombre de 56 a\u00f1os, quien est\u00e1 sospechado desde el a\u00f1o 2010. Est\u00e1 acusado de \u201cAbuso sexual simple agravado\u201d y \u201cAbuso sexual con acceso carnal agravado reiterado en concurso real\u201d; las v\u00edctimas ser\u00edan sus hijos. El detenido est\u00e1 alojado en la Comisar\u00eda de la vecinal localidad. El [&hellip;]<\/p>\n","protected":false},"author":4,"featured_media":8670,"comment_status":"open","ping_status":"closed","sticky":false,"template":"","format":"standard","meta":{"om_disable_all_campaigns":false,"_jetpack_memberships_contains_paid_content":false,"footnotes":""},"categories":[50,2,103],"tags":[],"class_list":["post-8669","post","type-post","status-publish","format-standard","has-post-thumbnail","hentry","category-destacadas","category-locales","category-policiales-locales"],"aioseo_notices":[],"gutentor_comment":0,"jetpack_featured_media_url":"https:\/\/eldiariodesanpedro.com.ar\/sitio\/wp-content\/uploads\/2016\/10\/PAGINA-3-2.jpg","jetpack_shortlink":"https:\/\/wp.me\/p6RhLt-2fP","jetpack_sharing_enabled":true,"_links":{"self":[{"href":"https:\/\/eldiariodesanpedro.com.ar\/sitio\/wp-json\/wp\/v2\/posts\/8669","targetHints":{"allow":["GET"]}}],"collection":[{"href":"https:\/\/eldiariodesanpedro.com.ar\/sitio\/wp-json\/wp\/v2\/posts"}],"about":[{"href":"https:\/\/eldiariodesanpedro.com.ar\/sitio\/wp-json\/wp\/v2\/types\/post"}],"author":[{"embeddable":true,"href":"https:\/\/eldiariodesanpedro.com.ar\/sitio\/wp-json\/wp\/v2\/users\/4"}],"replies":[{"embeddable":true,"href":"https:\/\/eldiariodesanpedro.com.ar\/sitio\/wp-json\/wp\/v2\/comments?post=8669"}],"version-history":[{"count":1,"href":"https:\/\/eldiariodesanpedro.com.ar\/sitio\/wp-json\/wp\/v2\/posts\/8669\/revisions"}],"predecessor-version":[{"id":8671,"href":"https:\/\/eldiariodesanpedro.com.ar\/sitio\/wp-json\/wp\/v2\/posts\/8669\/revisions\/8671"}],"wp:featuredmedia":[{"embeddable":true,"href":"https:\/\/eldiariodesanpedro.com.ar\/sitio\/wp-json\/wp\/v2\/media\/8670"}],"wp:attachment":[{"href":"https:\/\/eldiariodesanpedro.com.ar\/sitio\/wp-json\/wp\/v2\/media?parent=8669"}],"wp:term":[{"taxonomy":"category","embeddable":true,"href":"https:\/\/eldiariodesanpedro.com.ar\/sitio\/wp-json\/wp\/v2\/categories?post=8669"},{"taxonomy":"post_tag","embeddable":true,"href":"https:\/\/eldiariodesanpedro.com.ar\/sitio\/wp-json\/wp\/v2\/tags?post=8669"}],"curies":[{"name":"wp","href":"https:\/\/api.w.org\/{rel}","templated":true}]}}