{"id":86686,"date":"2021-01-28T12:15:58","date_gmt":"2021-01-28T15:15:58","guid":{"rendered":"https:\/\/eldiariodesanpedro.com.ar\/sitio\/?p=86686"},"modified":"2021-01-28T12:15:59","modified_gmt":"2021-01-28T15:15:59","slug":"baradero-el-ministro-jorge-ferraresi-recibio-a-intendentes-para-la-firma-de-adhesion-programas-de-viviendas","status":"publish","type":"post","link":"https:\/\/eldiariodesanpedro.com.ar\/sitio\/baradero-el-ministro-jorge-ferraresi-recibio-a-intendentes-para-la-firma-de-adhesion-programas-de-viviendas\/","title":{"rendered":"BARADERO | El Ministro Jorge Ferraresi recibi\u00f3 a intendentes para la firma de adhesi\u00f3n programas de viviendas"},"content":{"rendered":"<!-- VideographyWP Plugin Message: Automatic video embedding prevented by plugin options. -->\n\n<p>En la tarde del mi\u00e9rcoles en el recinto del Honorable Concejo Deliberante, el intendente Esteban Sanzio -anfitri\u00f3n de la jornada- recibi\u00f3 al ministro de Desarrollo Territorial y H\u00e1bitat de la Naci\u00f3n, Ing. Jorge Ferraresi y a los intendentes de Carmen de Areco, Exaltaci\u00f3n de la Cruz, San Andr\u00e9s de Giles, Z\u00e1rate, Salto y Col\u00f3n concretaron la firma de acta de adhesi\u00f3n de los programas\u00a0<strong>\u201cCasa Propia-Construir Futuro\u201d y \u201cFondo Nacional Solidario de Vivienda\u201d.\u00a0<\/strong><\/p>\n\n\n\n<p>En primera instancia, el intendente de Baradero recibi\u00f3 a las autoridades en el despacho para despu\u00e9s dirigirse hacia el sal\u00f3n de la democracia y concretar la firma de los convenios que mejorar\u00e1 la calidad de vida de vecinas y vecinos de los municipios de la segunda secci\u00f3n electoral, entre ellos, Baradero.<\/p>\n\n\n\n<p>Sanzio agradeci\u00f3 el compromiso y la voluntad del ministro Ferraresi en la reconstrucci\u00f3n habitacional argentina:&nbsp;<strong><em>\u201cDesarrollar esta adhesi\u00f3n es entender una demanda habitacional e hist\u00f3rica. Empezamos a resolver problem\u00e1ticas y poner en valor la reconstrucci\u00f3n de Argentina: invertir en la educaci\u00f3n -100 millones de pesos que se invertir\u00e1n en las escuelas de Baradero-, la reactivaci\u00f3n de las fuentes de trabajo, la posibilidad de que nuestras localidades tengan accesos dignos, el pavimento, y la posibilidad de que vecinos y vecinas puedan tener acceso en el futuro de un derecho esencial como es la vivienda. En un trabajo en conjunto vamos a buscar mejorar la calidad de vida de todas y todos\u201d<\/em><\/strong>&nbsp;ratific\u00f3 el intendente.<\/p>\n\n\n\n<p>Asimismo, el Ing. Jorge Ferraresi expres\u00f3:&nbsp;<strong><em>\u201cVamos a generar un sistema para lograr volumen en construcci\u00f3n de viviendas para que sea un derecho. Porque para generarlos hay que recorrer un camino y ese camino es un desaf\u00edo grande. Trabajamos y queremos construir una sociedad ascendente con derechos\u201d.&nbsp;&nbsp;<\/em><\/strong><\/p>\n\n\n\n<p>La autoridad local, el ministro y los intendentes Iv\u00e1n Villagr\u00e1n (Carmen de Areco), Pablo Pinto (Col\u00f3n), Diego Nanni (Exaltaci\u00f3n de la Cruz), Carlos Puglelli (San Andr\u00e9s de Giles), Ricardo Alessandro (Salto) y Ariel R\u00edos (Z\u00e1rate) realizaron finalmente la firma del&nbsp;acta de adhesi\u00f3n de los programas&nbsp;<strong>\u201cCasa Propia-Construir Futuro\u201d y \u201cFondo Nacional Solidario de Vivienda\u201d.&nbsp;<\/strong><\/p>\n\n\n\n<p>Acompa\u00f1aron en el acto Micaela Mor\u00e1n, diputada provincial por el Frente de Todos; la secretaria de gobierno, Leticia Houriet; el secretario de modernizaci\u00f3n y gesti\u00f3n p\u00fablica, Rodrigo Garc\u00eda Otero; la subsecretaria de h\u00e1bitat, Geraldina Gahn; el secretario de obras y servicios p\u00fablicos, Ariel Sprenger; el secretario de cultura, turismo, educaci\u00f3n y deporte, Nicol\u00e1s Moreira; y dem\u00e1s autoridades municipales, concejales del Frente de Todos y de la zona.<\/p>\n\n\n\n<p>Fuente: <a href=\"https:\/\/www.baraderoteinforma.com.ar\/el-intendente-esteban-sanzio-recibio-al-ministro-jorge-ferraresi-y-a-intendentes-para-la-firma-de-adhesion-a-los-programas-casa-propia-construir-futuro-y-fondo-nacional-soli\/\">Baradero Te Informa<\/a><\/p>\n\n\n\n<figure class=\"wp-block-image size-large\"><img decoding=\"async\" width=\"1024\" height=\"682\" data-attachment-id=\"86689\" data-permalink=\"https:\/\/eldiariodesanpedro.com.ar\/sitio\/baradero-el-ministro-jorge-ferraresi-recibio-a-intendentes-para-la-firma-de-adhesion-programas-de-viviendas\/2-2-8\/\" data-orig-file=\"https:\/\/eldiariodesanpedro.com.ar\/sitio\/wp-content\/uploads\/2021\/01\/2-2.jpg\" data-orig-size=\"1280,853\" data-comments-opened=\"1\" data-image-meta=\"{&quot;aperture&quot;:&quot;0&quot;,&quot;credit&quot;:&quot;&quot;,&quot;camera&quot;:&quot;&quot;,&quot;caption&quot;:&quot;&quot;,&quot;created_timestamp&quot;:&quot;0&quot;,&quot;copyright&quot;:&quot;&quot;,&quot;focal_length&quot;:&quot;0&quot;,&quot;iso&quot;:&quot;0&quot;,&quot;shutter_speed&quot;:&quot;0&quot;,&quot;title&quot;:&quot;&quot;,&quot;orientation&quot;:&quot;0&quot;}\" data-image-title=\"2-2\" data-image-description=\"\" data-image-caption=\"\" data-large-file=\"https:\/\/eldiariodesanpedro.com.ar\/sitio\/wp-content\/uploads\/2021\/01\/2-2-1024x682.jpg\" data-src=\"https:\/\/eldiariodesanpedro.com.ar\/sitio\/wp-content\/uploads\/2021\/01\/2-2-1024x682.jpg\" alt=\"\" class=\"wp-image-86689 lazyload\" data-srcset=\"https:\/\/eldiariodesanpedro.com.ar\/sitio\/wp-content\/uploads\/2021\/01\/2-2-1024x682.jpg 1024w, https:\/\/eldiariodesanpedro.com.ar\/sitio\/wp-content\/uploads\/2021\/01\/2-2-300x200.jpg 300w, https:\/\/eldiariodesanpedro.com.ar\/sitio\/wp-content\/uploads\/2021\/01\/2-2-768x512.jpg 768w, https:\/\/eldiariodesanpedro.com.ar\/sitio\/wp-content\/uploads\/2021\/01\/2-2.jpg 1280w\" data-sizes=\"(max-width: 1024px) 100vw, 1024px\" src=\"data:image\/svg+xml;base64,PHN2ZyB3aWR0aD0iMSIgaGVpZ2h0PSIxIiB4bWxucz0iaHR0cDovL3d3dy53My5vcmcvMjAwMC9zdmciPjwvc3ZnPg==\" style=\"--smush-placeholder-width: 1024px; --smush-placeholder-aspect-ratio: 1024\/682;\" \/><\/figure>\n\n\n\n<figure class=\"wp-block-image size-large\"><img decoding=\"async\" width=\"1024\" height=\"682\" data-attachment-id=\"86688\" data-permalink=\"https:\/\/eldiariodesanpedro.com.ar\/sitio\/baradero-el-ministro-jorge-ferraresi-recibio-a-intendentes-para-la-firma-de-adhesion-programas-de-viviendas\/0-1-61\/\" data-orig-file=\"https:\/\/eldiariodesanpedro.com.ar\/sitio\/wp-content\/uploads\/2021\/01\/0-1-6.jpg\" data-orig-size=\"1280,853\" data-comments-opened=\"1\" data-image-meta=\"{&quot;aperture&quot;:&quot;0&quot;,&quot;credit&quot;:&quot;&quot;,&quot;camera&quot;:&quot;&quot;,&quot;caption&quot;:&quot;&quot;,&quot;created_timestamp&quot;:&quot;0&quot;,&quot;copyright&quot;:&quot;&quot;,&quot;focal_length&quot;:&quot;0&quot;,&quot;iso&quot;:&quot;0&quot;,&quot;shutter_speed&quot;:&quot;0&quot;,&quot;title&quot;:&quot;&quot;,&quot;orientation&quot;:&quot;0&quot;}\" data-image-title=\"0-1\" data-image-description=\"\" data-image-caption=\"\" data-large-file=\"https:\/\/eldiariodesanpedro.com.ar\/sitio\/wp-content\/uploads\/2021\/01\/0-1-6-1024x682.jpg\" data-src=\"https:\/\/eldiariodesanpedro.com.ar\/sitio\/wp-content\/uploads\/2021\/01\/0-1-6-1024x682.jpg\" alt=\"\" class=\"wp-image-86688 lazyload\" data-srcset=\"https:\/\/eldiariodesanpedro.com.ar\/sitio\/wp-content\/uploads\/2021\/01\/0-1-6-1024x682.jpg 1024w, https:\/\/eldiariodesanpedro.com.ar\/sitio\/wp-content\/uploads\/2021\/01\/0-1-6-300x200.jpg 300w, https:\/\/eldiariodesanpedro.com.ar\/sitio\/wp-content\/uploads\/2021\/01\/0-1-6-768x512.jpg 768w, https:\/\/eldiariodesanpedro.com.ar\/sitio\/wp-content\/uploads\/2021\/01\/0-1-6.jpg 1280w\" data-sizes=\"(max-width: 1024px) 100vw, 1024px\" src=\"data:image\/svg+xml;base64,PHN2ZyB3aWR0aD0iMSIgaGVpZ2h0PSIxIiB4bWxucz0iaHR0cDovL3d3dy53My5vcmcvMjAwMC9zdmciPjwvc3ZnPg==\" style=\"--smush-placeholder-width: 1024px; --smush-placeholder-aspect-ratio: 1024\/682;\" \/><\/figure>\n","protected":false},"excerpt":{"rendered":"<p>En la tarde del mi\u00e9rcoles en el recinto del Honorable Concejo Deliberante, el intendente Esteban Sanzio -anfitri\u00f3n de la jornada- recibi\u00f3 al ministro de Desarrollo Territorial y H\u00e1bitat de la Naci\u00f3n, Ing. Jorge Ferraresi y a los intendentes de Carmen de Areco, Exaltaci\u00f3n de la Cruz, San Andr\u00e9s de Giles, Z\u00e1rate, Salto y Col\u00f3n concretaron [&hellip;]<\/p>\n","protected":false},"author":4,"featured_media":86687,"comment_status":"open","ping_status":"closed","sticky":false,"template":"","format":"standard","meta":{"om_disable_all_campaigns":false,"_jetpack_memberships_contains_paid_content":false,"footnotes":""},"categories":[621],"tags":[],"class_list":["post-86686","post","type-post","status-publish","format-standard","has-post-thumbnail","hentry","category-regionales"],"aioseo_notices":[],"gutentor_comment":0,"jetpack_featured_media_url":"https:\/\/eldiariodesanpedro.com.ar\/sitio\/wp-content\/uploads\/2021\/01\/5-1.jpg","jetpack_shortlink":"https:\/\/wp.me\/p6RhLt-mya","jetpack_sharing_enabled":true,"_links":{"self":[{"href":"https:\/\/eldiariodesanpedro.com.ar\/sitio\/wp-json\/wp\/v2\/posts\/86686","targetHints":{"allow":["GET"]}}],"collection":[{"href":"https:\/\/eldiariodesanpedro.com.ar\/sitio\/wp-json\/wp\/v2\/posts"}],"about":[{"href":"https:\/\/eldiariodesanpedro.com.ar\/sitio\/wp-json\/wp\/v2\/types\/post"}],"author":[{"embeddable":true,"href":"https:\/\/eldiariodesanpedro.com.ar\/sitio\/wp-json\/wp\/v2\/users\/4"}],"replies":[{"embeddable":true,"href":"https:\/\/eldiariodesanpedro.com.ar\/sitio\/wp-json\/wp\/v2\/comments?post=86686"}],"version-history":[{"count":1,"href":"https:\/\/eldiariodesanpedro.com.ar\/sitio\/wp-json\/wp\/v2\/posts\/86686\/revisions"}],"predecessor-version":[{"id":86690,"href":"https:\/\/eldiariodesanpedro.com.ar\/sitio\/wp-json\/wp\/v2\/posts\/86686\/revisions\/86690"}],"wp:featuredmedia":[{"embeddable":true,"href":"https:\/\/eldiariodesanpedro.com.ar\/sitio\/wp-json\/wp\/v2\/media\/86687"}],"wp:attachment":[{"href":"https:\/\/eldiariodesanpedro.com.ar\/sitio\/wp-json\/wp\/v2\/media?parent=86686"}],"wp:term":[{"taxonomy":"category","embeddable":true,"href":"https:\/\/eldiariodesanpedro.com.ar\/sitio\/wp-json\/wp\/v2\/categories?post=86686"},{"taxonomy":"post_tag","embeddable":true,"href":"https:\/\/eldiariodesanpedro.com.ar\/sitio\/wp-json\/wp\/v2\/tags?post=86686"}],"curies":[{"name":"wp","href":"https:\/\/api.w.org\/{rel}","templated":true}]}}