{"id":86683,"date":"2021-01-28T12:09:57","date_gmt":"2021-01-28T15:09:57","guid":{"rendered":"https:\/\/eldiariodesanpedro.com.ar\/sitio\/?p=86683"},"modified":"2021-01-28T12:10:01","modified_gmt":"2021-01-28T15:10:01","slug":"campana-continua-la-busqueda-del-hombre-que-desaparecio-en-la-zona-de-islas","status":"publish","type":"post","link":"https:\/\/eldiariodesanpedro.com.ar\/sitio\/campana-continua-la-busqueda-del-hombre-que-desaparecio-en-la-zona-de-islas\/","title":{"rendered":"CAMPANA | Contin\u00faa la b\u00fasqueda del hombre que desapareci\u00f3 en la zona de islas"},"content":{"rendered":"<!-- VideographyWP Plugin Message: Automatic video embedding prevented by plugin options. -->\n\n<p>Tras 11 d\u00edas de b\u00fasqueda, no hay rastros del hombre que se perdi\u00f3 en el sector insular frente al INTA. Del operativo para dar con \u00e9l trabaja personal de Defensa Civil, con la colaboraci\u00f3n de un dron de alta definici\u00f3n y la Brigada canina de b\u00fasqueda K9.<\/p>\n\n\n\n<p>Pasaron 11 d\u00edas de la \u00faltima vez que vieron al vecino de Gar\u00edn, Miguel \u00c1ngel Mansilla, y se intensifican las tareas de rastrillaje en la zona de isla frente al INTA donde hab\u00eda llegado para pasar unos d\u00edas con su ex cu\u00f1ado.<\/p>\n\n\n\n<p>La denuncia por averiguaci\u00f3n de paradero la present\u00f3 este familiar, con qui\u00e9n hab\u00eda llegado desde Garin, donde ambos viven, a pasar unos d\u00edas en la isla ubicada frente al INTA, donde este tiene una casilla, y desde ese d\u00eda no se supo m\u00e1s nada de \u00e9l. La desaparici\u00f3n se produjo este domingo 17 y se busca intensamente en la zona.<\/p>\n\n\n\n<p>El sujeto tiene 40 a\u00f1os, es de contextura f\u00edsica delgado, de aproximadamente 1.65mts de altura aproximadamente, tez morena, cabellos negro corto, como caracter\u00edstica particular posee una cicatriz en la mejilla izquierda, vest\u00eda con pantal\u00f3n corto color negro y una remera color negra y gorra color negra y zapatillas color roja y blanca, una mochila color azul en la cual ten\u00eda una remera y su DNI, sin aparato celular, ni dinero.<\/p>\n\n\n\n<p>Fuente: Campana Notcias<\/p>\n","protected":false},"excerpt":{"rendered":"<p>Tras 11 d\u00edas de b\u00fasqueda, no hay rastros del hombre que se perdi\u00f3 en el sector insular frente al INTA. Del operativo para dar con \u00e9l trabaja personal de Defensa Civil, con la colaboraci\u00f3n de un dron de alta definici\u00f3n y la Brigada canina de b\u00fasqueda K9. Pasaron 11 d\u00edas de la \u00faltima vez que [&hellip;]<\/p>\n","protected":false},"author":4,"featured_media":86684,"comment_status":"open","ping_status":"closed","sticky":false,"template":"","format":"standard","meta":{"om_disable_all_campaigns":false,"_jetpack_memberships_contains_paid_content":false,"footnotes":""},"categories":[621],"tags":[],"class_list":["post-86683","post","type-post","status-publish","format-standard","has-post-thumbnail","hentry","category-regionales"],"aioseo_notices":[],"gutentor_comment":0,"jetpack_featured_media_url":"https:\/\/eldiariodesanpedro.com.ar\/sitio\/wp-content\/uploads\/2021\/01\/sin_titulo_449.jpg","jetpack_shortlink":"https:\/\/wp.me\/p6RhLt-my7","jetpack_sharing_enabled":true,"_links":{"self":[{"href":"https:\/\/eldiariodesanpedro.com.ar\/sitio\/wp-json\/wp\/v2\/posts\/86683","targetHints":{"allow":["GET"]}}],"collection":[{"href":"https:\/\/eldiariodesanpedro.com.ar\/sitio\/wp-json\/wp\/v2\/posts"}],"about":[{"href":"https:\/\/eldiariodesanpedro.com.ar\/sitio\/wp-json\/wp\/v2\/types\/post"}],"author":[{"embeddable":true,"href":"https:\/\/eldiariodesanpedro.com.ar\/sitio\/wp-json\/wp\/v2\/users\/4"}],"replies":[{"embeddable":true,"href":"https:\/\/eldiariodesanpedro.com.ar\/sitio\/wp-json\/wp\/v2\/comments?post=86683"}],"version-history":[{"count":1,"href":"https:\/\/eldiariodesanpedro.com.ar\/sitio\/wp-json\/wp\/v2\/posts\/86683\/revisions"}],"predecessor-version":[{"id":86685,"href":"https:\/\/eldiariodesanpedro.com.ar\/sitio\/wp-json\/wp\/v2\/posts\/86683\/revisions\/86685"}],"wp:featuredmedia":[{"embeddable":true,"href":"https:\/\/eldiariodesanpedro.com.ar\/sitio\/wp-json\/wp\/v2\/media\/86684"}],"wp:attachment":[{"href":"https:\/\/eldiariodesanpedro.com.ar\/sitio\/wp-json\/wp\/v2\/media?parent=86683"}],"wp:term":[{"taxonomy":"category","embeddable":true,"href":"https:\/\/eldiariodesanpedro.com.ar\/sitio\/wp-json\/wp\/v2\/categories?post=86683"},{"taxonomy":"post_tag","embeddable":true,"href":"https:\/\/eldiariodesanpedro.com.ar\/sitio\/wp-json\/wp\/v2\/tags?post=86683"}],"curies":[{"name":"wp","href":"https:\/\/api.w.org\/{rel}","templated":true}]}}